{"id":1012,"date":"2018-06-21T12:10:22","date_gmt":"2018-06-21T10:10:22","guid":{"rendered":"http:\/\/miyakomiyako.de\/?p=1012"},"modified":"2018-06-21T12:11:00","modified_gmt":"2018-06-21T10:11:00","slug":"61","status":"publish","type":"post","link":"https:\/\/miyakomiyako.de\/index.php\/2018\/06\/21\/61\/","title":{"rendered":"6,1"},"content":{"rendered":"<p style=\"text-align: justify;\">Tut mir leid, egentlich wollte ich in diesem Beitrag auf einen Ausflug nach Hikone in der Pr\u00e4fektur Shiga am Biwa-See erz\u00e4hlen sowie vom Ausflug nach Kobe, aber ich denke, das lasse ich f\u00fcr demn\u00e4chst, da mir gerade nur durch den Kopf geht, wie ironisch das Leben sein kann.<\/p>\n<p style=\"text-align: justify;\">Schrieb ich in meinem letzten Beitrag vor gerade einmal zehn Tagen noch, dass ich im Mai mein erstes Erdbeben f\u00fcr dieses Jahr erlebt habe, so wird das nat\u00fcrlich nur kurze Zeit darauf getoppt.<\/p>\n<p style=\"text-align: justify;\">Der ein oder andere mag es auch in den Nachrichten gelesen haben, denn soweit ich wei\u00df, wurde auch in Europa dar\u00fcber berichtet: Diesen Montag um kurz vor 8 Uhr morgens bebte die Erde in Kansai, genauer gesagt in Osaka und den anliegenden Pr\u00e4fekturen wie Kyoto und Hyogo, in der auch Kobe liegt. Mit einer St\u00e4rke von 6,1 (bzw. 5,9 auf der japanischen Skala, die bei ihrer Messung weitere Faktoren ber\u00fccksichtigt) war es auch ein ziemlich heftiges Beben, das teilweise Geb\u00e4ude einst\u00fcrzen und M\u00f6bel umkippen lie\u00df, den Bahnverkehr lahmlegte und viele Menschen ohne Strom und Gas lie\u00df.<\/p>\n<p style=\"text-align: justify;\">Insgesamt forderte das Beben auch f\u00fcnf Menschenleben, die von umfallenden M\u00f6belst\u00fccken oder einst\u00fcrzenden Geb\u00e4udew\u00e4nden getroffen wurden. Mehrere Hundert wurden verletzt.<\/p>\n<p style=\"text-align: justify;\">Ich befand mich zu dem Zeitpunkt mit drei weiteren Kommilitonen in Kobe neben Osaka, wo wir das verl\u00e4ngerte Wochenende verbracht hatten; da Montag Universit\u00e4tsgr\u00fcndungstag war, hatten wir frei und planten, gegen Mittag nach Kyoto zur\u00fcckzukommen. Da allerdings keine Z\u00fcge fuhren &#8211; aufgrund m\u00f6glicher heftiger Nachbeben &#8211; wurde daraus nichts und wir mussten mehrere Stunden ausharren, ehe am sp\u00e4ten Nachmittag einige langsame Bahnen wieder den Betrieb aufnahmen.<\/p>\n<p style=\"text-align: justify;\">Im Vergleich zu vielen Menschen, die aber verletzt wurden oder ihr Haus verlassen mussten (gestern setzte Starkregen ein, wodurch einige besch\u00e4digte H\u00e4user endg\u00fcltig unbewohnbar wurden), ist ein verl\u00e4ngerter Heimweg, denke ich, nicht der Rede wert.<\/p>\n<p style=\"text-align: justify;\">Es ist ironisch, denn bisher habe ich mich in Japan so sicher gef\u00fchlt. Abends rausgehen? Kein Problem. Alleine unterwegs sein? Macht nichts.<\/p>\n<p style=\"text-align: justify;\">Aber gegen die Natur kann man wohl nichts tun. Dies war zwar bei Weitem nicht mein erstes Erdbeben, aber mit Abstand das st\u00e4rkste und das erste, das Menschenleben forderte. Und ich gebe zu, dass ich ziemlich Angst bekommen habe, als ich gegen 8 Uhr morgens aufwachte und die Erde unter mir bebte. Und auch in den folgenden Tagen noch Nachbeben den Grund ersch\u00fctterten, manche kaum sp\u00fcrbar, manche weniger schwach. Die Uni sagte, wir sollen jetzt noch einige Tage vorsichtig sein und nicht neben unbefestigen M\u00f6belst\u00fccken schlafen (gut, dass ich ohnehin keine hohen M\u00f6bel habe) und einen kleinen Vorrat an Wasser anlegen &#8211; aber ich bin froh, dass es diese vergangene Nacht &#8222;nur&#8220; noch ein f\u00fchlbares Nachbeben gab, im Gegensatz\u00a0 zu den dreien in der Nacht davor.<\/p>\n<p style=\"text-align: justify;\">Und w\u00e4hrend ein Erdbeben mit der St\u00e4rke 6,1 (bzw. etwas schw\u00e4cher in Kobe dann) schon verflixt unheimlich ist, kann ich nur erahnen, was Menschen 1923 in Yokohama (Magnitude 7,9), 1995 in Kobe (Magnitude 7,2) oder zuletzt 2011 in Tokyo (9,1 im Meer) erlebt haben &#8211; und wei\u00df, dass ich das auf keinen Fall selbst erfahren m\u00f6chte.<\/p>\n<p style=\"text-align: justify;\">Aber ich m\u00f6chte sagen &#8211; dass Erdbeben war unheimlich, aber mir geht es gut. Mir ist nichts passiert, ich war zum Zeitpunkt des Erdbebens nicht alleine und habe auch viele Leute, an die ich mich wenden kann, wenn was sein sollte und die sofort fragten, ob es mir gut geht (danke daf\u00fcr an alle!). Ich wei\u00df auch in etwa, wie ich mich bei einem Beben verhalten muss und ich denke, das Schlimmste d\u00fcrfte nun \u00fcberstanden sein.<\/p>\n<p style=\"text-align: justify;\">Gl\u00fccklicherweise kann man sich auf der Seite des <a href=\"http:\/\/www.jma.go.jp\/en\/quake\/\">Japanischen Agentur f\u00fcr Meteorologie<\/a> so gut wie direkt \u00fcber Erdbeben und m\u00f6gliche Tsunami-Gefahr informieren &#8211; und selbst wenn nicht: Es gibt ein Warnsystem in Japan, das automatisch Warnungen an Handys verschickt und w\u00e4hrend das bei meinem alten Handy aus irgendeinem Grund nicht ging, funktioniert es beim neuen fabelhaft und es t\u00f6nt und zeigt mir an, dass etwas nicht stimmt &#8211; nur, dass ich bei einem Erdbeben in der Regel selbst merke, dass etwas los ist.<\/p>\n<p>\u00dcbrigens sah die Erdbebenkarte zum Zeitpunkt des Bebens in Osaka so aus:<\/p>\n<figure id=\"attachment_1014\" aria-describedby=\"caption-attachment-1014\" style=\"width: 615px\" class=\"wp-caption aligncenter\"><a href=\"https:\/\/miyakomiyako.de\/index.php\/2018\/06\/21\/61\/opera-momentaufnahme_2018-06-21_190020_www-jma-go-jp\/\" rel=\"attachment wp-att-1014\"><img loading=\"lazy\" decoding=\"async\" class=\"wp-image-1014 size-full\" src=\"https:\/\/miyakomiyako.de\/wp-content\/uploads\/2018\/06\/Opera-Momentaufnahme_2018-06-21_190020_www.jma_.go_.jp_.png\" alt=\"\" width=\"615\" height=\"800\" \/><\/a><figcaption id=\"caption-attachment-1014\" class=\"wp-caption-text\">Osaka ist rot und die umliegenden Pr\u00e4fekturen gelb oder orange. Der orange eingef\u00e4rbte Bereich ist S\u00fcdkyoto &#8211; meine Wohnung liegt eher n\u00f6rdlich, weshalb dort nur ein paar Gegenst\u00e4nde auf meinem Tisch und in der K\u00fcche umgefallen sind, sonst aber nichts passiert ist.<\/figcaption><\/figure>\n","protected":false},"excerpt":{"rendered":"<p>Tut mir leid, egentlich wollte ich in diesem Beitrag auf einen Ausflug nach Hikone in der Pr\u00e4fektur Shiga am Biwa-See erz\u00e4hlen sowie vom Ausflug nach Kobe, aber ich denke, das lasse ich f\u00fcr demn\u00e4chst, da mir gerade nur durch den Kopf geht, wie ironisch das Leben sein kann. Schrieb ich in meinem letzten Beitrag vor &hellip; <\/p>\n<p class=\"link-more\"><a href=\"https:\/\/miyakomiyako.de\/index.php\/2018\/06\/21\/61\/\" class=\"more-link\"><span class=\"screen-reader-text\">\u201e6,1\u201c <\/span>weiterlesen<\/a><\/p>\n","protected":false},"author":2,"featured_media":0,"comment_status":"open","ping_status":"open","sticky":false,"template":"","format":"standard","meta":{"footnotes":""},"categories":[1],"tags":[],"class_list":["post-1012","post","type-post","status-publish","format-standard","hentry","category-allgemein"],"_links":{"self":[{"href":"https:\/\/miyakomiyako.de\/index.php\/wp-json\/wp\/v2\/posts\/1012","targetHints":{"allow":["GET"]}}],"collection":[{"href":"https:\/\/miyakomiyako.de\/index.php\/wp-json\/wp\/v2\/posts"}],"about":[{"href":"https:\/\/miyakomiyako.de\/index.php\/wp-json\/wp\/v2\/types\/post"}],"author":[{"embeddable":true,"href":"https:\/\/miyakomiyako.de\/index.php\/wp-json\/wp\/v2\/users\/2"}],"replies":[{"embeddable":true,"href":"https:\/\/miyakomiyako.de\/index.php\/wp-json\/wp\/v2\/comments?post=1012"}],"version-history":[{"count":9,"href":"https:\/\/miyakomiyako.de\/index.php\/wp-json\/wp\/v2\/posts\/1012\/revisions"}],"predecessor-version":[{"id":1023,"href":"https:\/\/miyakomiyako.de\/index.php\/wp-json\/wp\/v2\/posts\/1012\/revisions\/1023"}],"wp:attachment":[{"href":"https:\/\/miyakomiyako.de\/index.php\/wp-json\/wp\/v2\/media?parent=1012"}],"wp:term":[{"taxonomy":"category","embeddable":true,"href":"https:\/\/miyakomiyako.de\/index.php\/wp-json\/wp\/v2\/categories?post=1012"},{"taxonomy":"post_tag","embeddable":true,"href":"https:\/\/miyakomiyako.de\/index.php\/wp-json\/wp\/v2\/tags?post=1012"}],"curies":[{"name":"wp","href":"https:\/\/api.w.org\/{rel}","templated":true}]}}