{"id":1143,"date":"2018-08-22T09:59:58","date_gmt":"2018-08-22T07:59:58","guid":{"rendered":"http:\/\/miyakomiyako.de\/?p=1143"},"modified":"2018-08-22T09:59:58","modified_gmt":"2018-08-22T07:59:58","slug":"kumamoto","status":"publish","type":"post","link":"https:\/\/miyakomiyako.de\/index.php\/2018\/08\/22\/kumamoto\/","title":{"rendered":"Kumamoto"},"content":{"rendered":"<p style=\"text-align: justify;\">Vergangene Woche ging es f\u00fcr ein paar Tage nach Kyushu, um genau zu sein in die B\u00e4renpr\u00e4fektur Kumamoto. B\u00e4ren habe ich keine gesehen, daf\u00fcr aber viel Natur und K\u00fche. Ich bin recht sicher, dass dort auch keine B\u00e4ren hausen &#8211; bis auf das Maskottchen Kumamoto.<\/p>\n<p style=\"text-align: justify;\">Mein Ziel war die gleichnamige Hauptstadt. Eigentlich war der Ausflug eher spontan, da ich Lust hatte, irgendwohin zu gehen, wo ich noch nicht gewesen war, und schaute, welche Flugtickets sich so anbieten. Kumamoto hatte neben Ishigaki bei Okinawa die g\u00fcnstigsten Angebote und so stand mein Ziel recht schnell fest.<\/p>\n<figure id=\"attachment_1144\" aria-describedby=\"caption-attachment-1144\" style=\"width: 220px\" class=\"wp-caption alignright\"><a href=\"https:\/\/miyakomiyako.de\/index.php\/2018\/08\/22\/kumamoto\/cof-159\/\" rel=\"attachment wp-att-1144\"><img loading=\"lazy\" decoding=\"async\" class=\"wp-image-1144\" src=\"https:\/\/miyakomiyako.de\/wp-content\/uploads\/2018\/08\/IMG_20180812_125312.jpg\" alt=\"\" width=\"220\" height=\"124\" \/><\/a><figcaption id=\"caption-attachment-1144\" class=\"wp-caption-text\">Der Bahnhof Kumamoto. Oben zu sehen ein paar Bilder des Maskottchens Kumamon.<\/figcaption><\/figure>\n<p style=\"text-align: justify;\">Zu Kumamoto muss gesagt werden, dass die Gegend vor zwei Jahren von einem schweren Erdbeben getroffen wurde, das viele Geb\u00e4ude besch\u00e4digte und auch Teile des Schlosses einst\u00fcrzen lie\u00df. Auch die Bahnstrecke nach Osten wurde zerst\u00f6rt und ist seitdem gesperrt &#8211; offenbar stellten sich die Reparaturen als schwierig heraus, denn das Schloss ist ebenfalls nicht betretbar, sondern man darf es nur noch von Au\u00dfen ansehen. Statt Z\u00fcgen verkehren Busse.<\/p>\n<p style=\"text-align: justify;\">Ich kam mit dem Flugzeug an, weshalb mich die gesperrte Bahnstrecke zun\u00e4chst nicht st\u00f6ren sollte, und nahm vom Flughafen aus den Shuttlebus zum Hauptbahnhof, in dessen N\u00e4he sich auch das Hostel befand, das ich gebucht hatte. Zwar hatte ich nur ein paar wenige Tage Zeit, aber dennoch konnte ich mir so Einiges ansehen. Das Wetter war mir auch schon fast zu gut, im Grunde war es genauso hei\u00df wie in Kyoto, nur weniger schw\u00fcl (und das, obwohl ich mich weiter s\u00fcdlich befand&#8230;).<\/p>\n<p style=\"text-align: justify;\">Am ersten Abend unternahm ich bis auf einen\u00a0 Rundgang durch die Gegend nicht viel, sah mir die Gesch\u00e4fte im Hauptbahnhof an (dieser war recht gro\u00df) und a\u00df zu Abend Pizza. Am n\u00e4chsten Tag war dann aber Sightseeing angesagt und so fuhr ich mit der Stra\u00dfenbahn (eine Seltenheit in Japan) in Richtung Schloss. Zuvor sah ich mir ein paar Souvenirl\u00e4den an, kaufte jedoch nichts. Zum Schloss gab es ein Shuttle (oder man konnte zu Fu\u00df laufen), da die Hauptstra\u00dfe ebenfalls gesperrt war. Da ich den Weg nicht kannte, beschloss ich, das Shuttle zu nehmen und fu\u00dfl\u00e4ufig wieder zur\u00fcckzugehen.<\/p>\n<figure id=\"attachment_1146\" aria-describedby=\"caption-attachment-1146\" style=\"width: 220px\" class=\"wp-caption alignleft\"><a href=\"https:\/\/miyakomiyako.de\/index.php\/2018\/08\/22\/kumamoto\/dsc00741\/\" rel=\"attachment wp-att-1146\"><img loading=\"lazy\" decoding=\"async\" class=\"wp-image-1146\" src=\"https:\/\/miyakomiyako.de\/wp-content\/uploads\/2018\/08\/DSC00741.jpg\" alt=\"\" width=\"220\" height=\"146\" \/><\/a><figcaption id=\"caption-attachment-1146\" class=\"wp-caption-text\">Das Schloss war hinter einem Ger\u00fcst versteckt.<\/figcaption><\/figure>\n<p style=\"text-align: justify;\">Wie schon gesagt darf das Schlossgel\u00e4nde nicht betreten werden. Stattdessen kann man drumherum laufen und das Schloss von Weitem betrachten. Daneben gab es noch einen Park mit gro\u00dfer Gr\u00fcnfl\u00e4che und einen Schrein, den ich mir ansah.<\/p>\n<p style=\"text-align: justify;\">Auch aus gr\u00f6\u00dferer Entfernung konnte man die Sch\u00e4den gut sehen. Teile der Schlossmauer waren komplett eingest\u00fcrzt. Das ganze Schloss war in ein Ger\u00fcst geh\u00fcllt, offenbar f\u00fcr die Sanierungen. Ich denke, erst wenn man sich die kaputten Mauern anschaut, wird einem klar, wie stark das Beben 2016 gewesen sein muss.<\/p>\n<p style=\"text-align: justify;\">Da man wie erw\u00e4hnt nicht hineinkonnte, war ich recht schnell mit dem Rundgang fertig und lief wieder zur\u00fcck. Mein n\u00e4chstes Ziel war der Suizenji Jojuen, ein Garten. Japanische G\u00e4rten anschauen kann ich mir immer und auch hier wurde ich nicht entt\u00e4uscht. Sch\u00f6n gro\u00df und mit Br\u00fccken, Wasser, Teehaus und viel Gr\u00fcn bot auch dieser Garten so Einiges zum Anschauen, sogar eine Theaterb\u00fchne konnte ich am Ende entdecken. Es gab auch mehrere H\u00fcgel, von denen einer wohl den Berg Fuji darstellte, nur eben mit Gras statt Schnee bedeckt. Sch\u00f6n war es trotzdem und ich verbrachte eine ganze Weile damit, mir den Garten anzuschauen. Da es sehr hei\u00df war, kaufte ich mir am Ende auch ein Eis, das ich auf einer Bank a\u00df, ehe ich zur\u00fcckging.<\/p>\n<figure id=\"attachment_1147\" aria-describedby=\"caption-attachment-1147\" style=\"width: 220px\" class=\"wp-caption alignright\"><a href=\"https:\/\/miyakomiyako.de\/index.php\/2018\/08\/22\/kumamoto\/dsc00749\/\" rel=\"attachment wp-att-1147\"><img loading=\"lazy\" decoding=\"async\" class=\"wp-image-1147\" src=\"https:\/\/miyakomiyako.de\/wp-content\/uploads\/2018\/08\/DSC00749.jpg\" alt=\"\" width=\"220\" height=\"146\" \/><\/a><figcaption id=\"caption-attachment-1147\" class=\"wp-caption-text\">Der Suizenji-Garten. Richtig sch\u00f6n, und das Wetter spielte auch mit!<\/figcaption><\/figure>\n<p style=\"text-align: justify;\">So ein Garten ist wirklich sch\u00f6n. Besonders freute mich, dass au\u00dfer mir nur wenige Leute dort waren und es somit recht still war, wodurch man die Atmosph\u00e4re noch besser genie\u00dfen konnte.<\/p>\n<p style=\"text-align: justify;\">Da es bereits sp\u00e4t wurde, ging ich zur\u00fcck. Am n\u00e4chsten Tag wollte ich n\u00e4mlich fr\u00fch heraus. Ich hatte einen Bus nach Aso reserviert (die Bahn ist ja gesperrt) und wollte mich fr\u00fchmorgens auf den Weg machen.<\/p>\n<p style=\"text-align: justify;\">Bei Aso handelt es sich um ein kleines St\u00e4dtchen \u00f6stlich von Kumamoto. Ebenfalls bekannt ist es f\u00fcr seinen gleichnamigen Vulkan Aso. Zuletzt hatte ich von Aso vor drei Jahren geh\u00f6rt, n\u00e4mlich im September 2015. Dort war ich nach meinem Studium in Okinawa gerade in Nagasaki auf der Farm; im Morgenfernsehen erfuhr ich dann, dass der Aso ausgebrochen war. Mittlerweile ist er auch wieder ruhiger geworden und man darf das Gebiet wieder betreten, um sich einen der Krater anzuschauen. Oben stehen auch einige Sicherheitstypen und diverse Tafeln, die die Aktivit\u00e4t anzeigen &#8211; wenn man also Pech hat, wird das Gebiet kurzfristig abgesperrt. Doch ich hatte Gl\u00fcck und konnte mir das Ganze live anschauen. Offenbar besitzt der Aso auch einen der gr\u00f6\u00dften Krater weltweit, hui. Jedenfalls war es an dem Tag recht neblig, aber spannend war es dennoch, dort oben zu stehen und auf den dampfenden See im Inneren zu schauen&#8230; auch wenn man diesen nur kurz sehen konnte, da so viel Nebel und Dampf die Sicht blockierten.<\/p>\n<figure id=\"attachment_1148\" aria-describedby=\"caption-attachment-1148\" style=\"width: 220px\" class=\"wp-caption alignleft\"><a href=\"https:\/\/miyakomiyako.de\/index.php\/2018\/08\/22\/kumamoto\/dsc00775\/\" rel=\"attachment wp-att-1148\"><img loading=\"lazy\" decoding=\"async\" class=\"wp-image-1148\" src=\"https:\/\/miyakomiyako.de\/wp-content\/uploads\/2018\/08\/DSC00775.jpg\" alt=\"\" width=\"220\" height=\"146\" \/><\/a><figcaption id=\"caption-attachment-1148\" class=\"wp-caption-text\">Blick auf den Nakadake-Krater des Aso.<\/figcaption><\/figure>\n<p style=\"text-align: justify;\">Wie auch beim Schloss schon war ich mit dem Bus hinaufgefahren, lief aber zu Fu\u00df wieder herunter. Die Gegend war echt sch\u00f6n und gr\u00fcn, mit vielen H\u00fcgeln und ein paar weidenden K\u00fchen und Pferden. Und ganz unten konnte man die Stadt Aso sehen, umringt von gr\u00fcnen Bergen.<\/p>\n<p style=\"text-align: justify;\">Unterwegs machte ich auch halt im Vulkan-Museum, das zwar klein, aber ziemlich spannend ist. In einem nahegelegenen Imbiss a\u00df ich zu Mittag, ehe ich mich auf den Weg zur\u00fcck in die Stadt Aso machte, die ich mir etwas ansah, ehe mein Bus zur\u00fcck nach Kumamoto wieder kam.<\/p>\n<figure id=\"attachment_1149\" aria-describedby=\"caption-attachment-1149\" style=\"width: 650px\" class=\"wp-caption aligncenter\"><a href=\"https:\/\/miyakomiyako.de\/index.php\/2018\/08\/22\/kumamoto\/dsc00795\/\" rel=\"attachment wp-att-1149\"><img loading=\"lazy\" decoding=\"async\" class=\"wp-image-1149\" src=\"https:\/\/miyakomiyako.de\/wp-content\/uploads\/2018\/08\/DSC00795.jpg\" alt=\"\" width=\"650\" height=\"97\" \/><\/a><figcaption id=\"caption-attachment-1149\" class=\"wp-caption-text\">Bei so einer Umgebung macht der Weg zu Fu\u00df gleich noch mehr Spa\u00df!<\/figcaption><\/figure>\n<p style=\"text-align: justify;\">Insgesamt war es super spannend, sich so einen Vulkan in Echt anzusehen. Ich meine, bisher habe ich halt nur ein paar &#8222;von unten&#8220;, also aus der Ferne gesehen, aber jetzt konnte ich auch mal drauf. Wirklich interessant!<\/p>\n<p style=\"text-align: justify;\">Am folgenden Tag wollte ich dann auch schon wieder zur\u00fcck nach Kyoto. Dummerweise hatte mein Flug anderthalb Stunden Versp\u00e4tung, was ich allerdings erst am Flughafen erfuhr. Als ich am Schalter nachfragte, wurde ich aber netterweise auf einen fr\u00fcheren Flug umgebucht, der zwar auch zu sp\u00e4t war, aber immerhin musste ich dadurch nicht ganz so lange warten. So flog ich dann auch schon wieder zur\u00fcck nach Osaka, nahm den Bus nach Kyoto und kam abends dann auch mal irgendwann zu Hause an.<\/p>\n<p style=\"text-align: justify;\">Kumamoto hat mir echt gut gefallen und ich kann mir gut vorstellen, die Gegend irgendwann noch einmal zu besuchen! Und morgen geht es auch schon weiter &#8211; f\u00fcr eine Woche nach Hokkaido, um genau zu sein. Endlich mal der Hitze entfliehen \ud83d\ude42<\/p>\n<div id='gallery-1' class='gallery galleryid-1143 gallery-columns-3 gallery-size-thumbnail'><figure class='gallery-item'>\n\t\t\t<div class='gallery-icon landscape'>\n\t\t\t\t<a href='https:\/\/miyakomiyako.de\/index.php\/2018\/08\/22\/kumamoto\/cof-160\/'><img loading=\"lazy\" decoding=\"async\" width=\"150\" height=\"85\" src=\"https:\/\/miyakomiyako.de\/wp-content\/uploads\/2018\/08\/IMG_20180812_093024.jpg\" class=\"attachment-thumbnail size-thumbnail\" alt=\"\" aria-describedby=\"gallery-1-1151\" sizes=\"auto, 100vw\" \/><\/a>\n\t\t\t<\/div>\n\t\t\t\t<figcaption class='wp-caption-text gallery-caption' id='gallery-1-1151'>\n\t\t\t\tUnverst\u00e4ndliches Englisch am Flughafen.\n\t\t\t\t<\/figcaption><\/figure><figure class='gallery-item'>\n\t\t\t<div class='gallery-icon landscape'>\n\t\t\t\t<a href='https:\/\/miyakomiyako.de\/index.php\/2018\/08\/22\/kumamoto\/sdr-120\/'><img loading=\"lazy\" decoding=\"async\" width=\"150\" height=\"85\" src=\"https:\/\/miyakomiyako.de\/wp-content\/uploads\/2018\/08\/IMG_20180812_095404.jpg\" class=\"attachment-thumbnail size-thumbnail\" alt=\"\" aria-describedby=\"gallery-1-1152\" sizes=\"auto, 100vw\" \/><\/a>\n\t\t\t<\/div>\n\t\t\t\t<figcaption class='wp-caption-text gallery-caption' id='gallery-1-1152'>\n\t\t\t\tMein Flugzeug nach Kumamoto hatte Propeller!\n\t\t\t\t<\/figcaption><\/figure><figure class='gallery-item'>\n\t\t\t<div class='gallery-icon landscape'>\n\t\t\t\t<a href='https:\/\/miyakomiyako.de\/index.php\/2018\/08\/22\/kumamoto\/cof-161\/'><img loading=\"lazy\" decoding=\"async\" width=\"150\" height=\"85\" src=\"https:\/\/miyakomiyako.de\/wp-content\/uploads\/2018\/08\/IMG_20180812_150651.jpg\" class=\"attachment-thumbnail size-thumbnail\" alt=\"\" aria-describedby=\"gallery-1-1153\" sizes=\"auto, 100vw\" \/><\/a>\n\t\t\t<\/div>\n\t\t\t\t<figcaption class='wp-caption-text gallery-caption' id='gallery-1-1153'>\n\t\t\t\tKumamoto, auf einer Br\u00fccke vor dem Hauptbahnhof.\n\t\t\t\t<\/figcaption><\/figure><figure class='gallery-item'>\n\t\t\t<div class='gallery-icon landscape'>\n\t\t\t\t<a href='https:\/\/miyakomiyako.de\/index.php\/2018\/08\/22\/kumamoto\/dsc00736\/'><img loading=\"lazy\" decoding=\"async\" width=\"150\" height=\"100\" src=\"https:\/\/miyakomiyako.de\/wp-content\/uploads\/2018\/08\/DSC00736.jpg\" class=\"attachment-thumbnail size-thumbnail\" alt=\"\" aria-describedby=\"gallery-1-1154\" sizes=\"auto, 100vw\" \/><\/a>\n\t\t\t<\/div>\n\t\t\t\t<figcaption class='wp-caption-text gallery-caption' id='gallery-1-1154'>\n\t\t\t\tViel Gr\u00fcn beim Schloss.\n\t\t\t\t<\/figcaption><\/figure><figure class='gallery-item'>\n\t\t\t<div class='gallery-icon landscape'>\n\t\t\t\t<a href='https:\/\/miyakomiyako.de\/index.php\/2018\/08\/22\/kumamoto\/dsc00737\/'><img loading=\"lazy\" decoding=\"async\" width=\"150\" height=\"100\" src=\"https:\/\/miyakomiyako.de\/wp-content\/uploads\/2018\/08\/DSC00737.jpg\" class=\"attachment-thumbnail size-thumbnail\" alt=\"\" aria-describedby=\"gallery-1-1145\" sizes=\"auto, 100vw\" \/><\/a>\n\t\t\t<\/div>\n\t\t\t\t<figcaption class='wp-caption-text gallery-caption' id='gallery-1-1145'>\n\t\t\t\tEingest\u00fcrzte Mauer &#8211; ziemlich beeindruckend, oder?\n\t\t\t\t<\/figcaption><\/figure><figure class='gallery-item'>\n\t\t\t<div class='gallery-icon landscape'>\n\t\t\t\t<a href='https:\/\/miyakomiyako.de\/index.php\/2018\/08\/22\/kumamoto\/dsc00739\/'><img loading=\"lazy\" decoding=\"async\" width=\"150\" height=\"100\" src=\"https:\/\/miyakomiyako.de\/wp-content\/uploads\/2018\/08\/DSC00739.jpg\" class=\"attachment-thumbnail size-thumbnail\" alt=\"\" aria-describedby=\"gallery-1-1155\" sizes=\"auto, 100vw\" \/><\/a>\n\t\t\t<\/div>\n\t\t\t\t<figcaption class='wp-caption-text gallery-caption' id='gallery-1-1155'>\n\t\t\t\tAuch hier ist ein Teil der Mauer kaputt.\n\t\t\t\t<\/figcaption><\/figure><figure class='gallery-item'>\n\t\t\t<div class='gallery-icon portrait'>\n\t\t\t\t<a href='https:\/\/miyakomiyako.de\/index.php\/2018\/08\/22\/kumamoto\/cof-162\/'><img loading=\"lazy\" decoding=\"async\" width=\"85\" height=\"150\" src=\"https:\/\/miyakomiyako.de\/wp-content\/uploads\/2018\/08\/IMG_20180813_105313.jpg\" class=\"attachment-thumbnail size-thumbnail\" alt=\"\" aria-describedby=\"gallery-1-1162\" sizes=\"auto, 100vw\" \/><\/a>\n\t\t\t<\/div>\n\t\t\t\t<figcaption class='wp-caption-text gallery-caption' id='gallery-1-1162'>\n\t\t\t\tMini-Schrein in einem Baum.\n\t\t\t\t<\/figcaption><\/figure><figure class='gallery-item'>\n\t\t\t<div class='gallery-icon landscape'>\n\t\t\t\t<a href='https:\/\/miyakomiyako.de\/index.php\/2018\/08\/22\/kumamoto\/dsc00742\/'><img loading=\"lazy\" decoding=\"async\" width=\"150\" height=\"100\" src=\"https:\/\/miyakomiyako.de\/wp-content\/uploads\/2018\/08\/DSC00742.jpg\" class=\"attachment-thumbnail size-thumbnail\" alt=\"\" aria-describedby=\"gallery-1-1156\" sizes=\"auto, 100vw\" \/><\/a>\n\t\t\t<\/div>\n\t\t\t\t<figcaption class='wp-caption-text gallery-caption' id='gallery-1-1156'>\n\t\t\t\tSuizenji Jojuen. Ein h\u00fcbscher Garten.\n\t\t\t\t<\/figcaption><\/figure><figure class='gallery-item'>\n\t\t\t<div class='gallery-icon portrait'>\n\t\t\t\t<a href='https:\/\/miyakomiyako.de\/index.php\/2018\/08\/22\/kumamoto\/dsc00751\/'><img loading=\"lazy\" decoding=\"async\" width=\"100\" height=\"150\" src=\"https:\/\/miyakomiyako.de\/wp-content\/uploads\/2018\/08\/DSC00751.jpg\" class=\"attachment-thumbnail size-thumbnail\" alt=\"\" aria-describedby=\"gallery-1-1157\" sizes=\"auto, 100vw\" \/><\/a>\n\t\t\t<\/div>\n\t\t\t\t<figcaption class='wp-caption-text gallery-caption' id='gallery-1-1157'>\n\t\t\t\tIch mag Steinlaternen ja irgendwie.\n\t\t\t\t<\/figcaption><\/figure><figure class='gallery-item'>\n\t\t\t<div class='gallery-icon landscape'>\n\t\t\t\t<a href='https:\/\/miyakomiyako.de\/index.php\/2018\/08\/22\/kumamoto\/dsc00754\/'><img loading=\"lazy\" decoding=\"async\" width=\"150\" height=\"100\" src=\"https:\/\/miyakomiyako.de\/wp-content\/uploads\/2018\/08\/DSC00754.jpg\" class=\"attachment-thumbnail size-thumbnail\" alt=\"\" aria-describedby=\"gallery-1-1158\" sizes=\"auto, 100vw\" \/><\/a>\n\t\t\t<\/div>\n\t\t\t\t<figcaption class='wp-caption-text gallery-caption' id='gallery-1-1158'>\n\t\t\t\tH\u00fcgelig war es im Garten auch ganz sch\u00f6n.\n\t\t\t\t<\/figcaption><\/figure><figure class='gallery-item'>\n\t\t\t<div class='gallery-icon landscape'>\n\t\t\t\t<a href='https:\/\/miyakomiyako.de\/index.php\/2018\/08\/22\/kumamoto\/dsc00755\/'><img loading=\"lazy\" decoding=\"async\" width=\"150\" height=\"100\" src=\"https:\/\/miyakomiyako.de\/wp-content\/uploads\/2018\/08\/DSC00755.jpg\" class=\"attachment-thumbnail size-thumbnail\" alt=\"\" aria-describedby=\"gallery-1-1159\" sizes=\"auto, 100vw\" \/><\/a>\n\t\t\t<\/div>\n\t\t\t\t<figcaption class='wp-caption-text gallery-caption' id='gallery-1-1159'>\n\t\t\t\tIm Hintergrund kann man den Gras-Fuji sehen.\n\t\t\t\t<\/figcaption><\/figure><figure class='gallery-item'>\n\t\t\t<div class='gallery-icon landscape'>\n\t\t\t\t<a href='https:\/\/miyakomiyako.de\/index.php\/2018\/08\/22\/kumamoto\/dsc00762\/'><img loading=\"lazy\" decoding=\"async\" width=\"150\" height=\"100\" src=\"https:\/\/miyakomiyako.de\/wp-content\/uploads\/2018\/08\/DSC00762.jpg\" class=\"attachment-thumbnail size-thumbnail\" alt=\"\" aria-describedby=\"gallery-1-1161\" sizes=\"auto, 100vw\" \/><\/a>\n\t\t\t<\/div>\n\t\t\t\t<figcaption class='wp-caption-text gallery-caption' id='gallery-1-1161'>\n\t\t\t\tIch glaube, das ist das Teeh\u00e4uschen.\n\t\t\t\t<\/figcaption><\/figure><figure class='gallery-item'>\n\t\t\t<div class='gallery-icon landscape'>\n\t\t\t\t<a href='https:\/\/miyakomiyako.de\/index.php\/2018\/08\/22\/kumamoto\/dsc00757\/'><img loading=\"lazy\" decoding=\"async\" width=\"150\" height=\"100\" src=\"https:\/\/miyakomiyako.de\/wp-content\/uploads\/2018\/08\/DSC00757.jpg\" class=\"attachment-thumbnail size-thumbnail\" alt=\"\" aria-describedby=\"gallery-1-1160\" sizes=\"auto, 100vw\" \/><\/a>\n\t\t\t<\/div>\n\t\t\t\t<figcaption class='wp-caption-text gallery-caption' id='gallery-1-1160'>\n\t\t\t\tEin Inari-Schrein im Garten, erkennbar an den vielen Toren.\n\t\t\t\t<\/figcaption><\/figure><figure class='gallery-item'>\n\t\t\t<div class='gallery-icon landscape'>\n\t\t\t\t<a href='https:\/\/miyakomiyako.de\/index.php\/2018\/08\/22\/kumamoto\/cof-163\/'><img loading=\"lazy\" decoding=\"async\" width=\"150\" height=\"85\" src=\"https:\/\/miyakomiyako.de\/wp-content\/uploads\/2018\/08\/IMG_20180815_143926.jpg\" class=\"attachment-thumbnail size-thumbnail\" alt=\"\" aria-describedby=\"gallery-1-1169\" sizes=\"auto, 100vw\" \/><\/a>\n\t\t\t<\/div>\n\t\t\t\t<figcaption class='wp-caption-text gallery-caption' id='gallery-1-1169'>\n\t\t\t\tUnterwegs zum Aso. Viel gr\u00fcn&#8230;\n\t\t\t\t<\/figcaption><\/figure><figure class='gallery-item'>\n\t\t\t<div class='gallery-icon landscape'>\n\t\t\t\t<a href='https:\/\/miyakomiyako.de\/index.php\/2018\/08\/22\/kumamoto\/sdr-121\/'><img loading=\"lazy\" decoding=\"async\" width=\"150\" height=\"85\" src=\"https:\/\/miyakomiyako.de\/wp-content\/uploads\/2018\/08\/IMG_20180815_144312.jpg\" class=\"attachment-thumbnail size-thumbnail\" alt=\"\" aria-describedby=\"gallery-1-1170\" sizes=\"auto, 100vw\" \/><\/a>\n\t\t\t<\/div>\n\t\t\t\t<figcaption class='wp-caption-text gallery-caption' id='gallery-1-1170'>\n\t\t\t\t&#8230;und weidende K\u00fche.\n\t\t\t\t<\/figcaption><\/figure><figure class='gallery-item'>\n\t\t\t<div class='gallery-icon landscape'>\n\t\t\t\t<a href='https:\/\/miyakomiyako.de\/index.php\/2018\/08\/22\/kumamoto\/dsc00776\/'><img loading=\"lazy\" decoding=\"async\" width=\"150\" height=\"93\" src=\"https:\/\/miyakomiyako.de\/wp-content\/uploads\/2018\/08\/DSC00776.jpg\" class=\"attachment-thumbnail size-thumbnail\" alt=\"\" aria-describedby=\"gallery-1-1163\" sizes=\"auto, 100vw\" \/><\/a>\n\t\t\t<\/div>\n\t\t\t\t<figcaption class='wp-caption-text gallery-caption' id='gallery-1-1163'>\n\t\t\t\tOben auf dem Vulkan dann.\n\t\t\t\t<\/figcaption><\/figure><figure class='gallery-item'>\n\t\t\t<div class='gallery-icon landscape'>\n\t\t\t\t<a href='https:\/\/miyakomiyako.de\/index.php\/2018\/08\/22\/kumamoto\/dsc00777\/'><img loading=\"lazy\" decoding=\"async\" width=\"150\" height=\"100\" src=\"https:\/\/miyakomiyako.de\/wp-content\/uploads\/2018\/08\/DSC00777.jpg\" class=\"attachment-thumbnail size-thumbnail\" alt=\"\" aria-describedby=\"gallery-1-1164\" sizes=\"auto, 100vw\" \/><\/a>\n\t\t\t<\/div>\n\t\t\t\t<figcaption class='wp-caption-text gallery-caption' id='gallery-1-1164'>\n\t\t\t\tSo nebelig!\n\t\t\t\t<\/figcaption><\/figure><figure class='gallery-item'>\n\t\t\t<div class='gallery-icon landscape'>\n\t\t\t\t<a href='https:\/\/miyakomiyako.de\/index.php\/2018\/08\/22\/kumamoto\/dsc00786\/'><img loading=\"lazy\" decoding=\"async\" width=\"150\" height=\"100\" src=\"https:\/\/miyakomiyako.de\/wp-content\/uploads\/2018\/08\/DSC00786.jpg\" class=\"attachment-thumbnail size-thumbnail\" alt=\"\" aria-describedby=\"gallery-1-1165\" sizes=\"auto, 100vw\" \/><\/a>\n\t\t\t<\/div>\n\t\t\t\t<figcaption class='wp-caption-text gallery-caption' id='gallery-1-1165'>\n\t\t\t\tDer Weg zur\u00fcck runter war gar nicht so anstrengend.\n\t\t\t\t<\/figcaption><\/figure><figure class='gallery-item'>\n\t\t\t<div class='gallery-icon landscape'>\n\t\t\t\t<a href='https:\/\/miyakomiyako.de\/index.php\/2018\/08\/22\/kumamoto\/dsc00793\/'><img loading=\"lazy\" decoding=\"async\" width=\"150\" height=\"100\" src=\"https:\/\/miyakomiyako.de\/wp-content\/uploads\/2018\/08\/DSC00793.jpg\" class=\"attachment-thumbnail size-thumbnail\" alt=\"\" aria-describedby=\"gallery-1-1166\" sizes=\"auto, 100vw\" \/><\/a>\n\t\t\t<\/div>\n\t\t\t\t<figcaption class='wp-caption-text gallery-caption' id='gallery-1-1166'>\n\t\t\t\tVor allem, da man einfach nur dem Weg folgen musste.\n\t\t\t\t<\/figcaption><\/figure><figure class='gallery-item'>\n\t\t\t<div class='gallery-icon landscape'>\n\t\t\t\t<a href='https:\/\/miyakomiyako.de\/index.php\/2018\/08\/22\/kumamoto\/dsc00796\/'><img loading=\"lazy\" decoding=\"async\" width=\"150\" height=\"100\" src=\"https:\/\/miyakomiyako.de\/wp-content\/uploads\/2018\/08\/DSC00796.jpg\" class=\"attachment-thumbnail size-thumbnail\" alt=\"\" aria-describedby=\"gallery-1-1167\" sizes=\"auto, 100vw\" \/><\/a>\n\t\t\t<\/div>\n\t\t\t\t<figcaption class='wp-caption-text gallery-caption' id='gallery-1-1167'>\n\t\t\t\tUnd die Umgebung war auch sehr sch\u00f6n!\n\t\t\t\t<\/figcaption><\/figure><figure class='gallery-item'>\n\t\t\t<div class='gallery-icon landscape'>\n\t\t\t\t<a href='https:\/\/miyakomiyako.de\/index.php\/2018\/08\/22\/kumamoto\/dsc00797\/'><img loading=\"lazy\" decoding=\"async\" width=\"150\" height=\"100\" src=\"https:\/\/miyakomiyako.de\/wp-content\/uploads\/2018\/08\/DSC00797.jpg\" class=\"attachment-thumbnail size-thumbnail\" alt=\"\" aria-describedby=\"gallery-1-1168\" sizes=\"auto, 100vw\" \/><\/a>\n\t\t\t<\/div>\n\t\t\t\t<figcaption class='wp-caption-text gallery-caption' id='gallery-1-1168'>\n\t\t\t\tTake me home&#8230; \u266b\n\t\t\t\t<\/figcaption><\/figure>\n\t\t<\/div>\n\n","protected":false},"excerpt":{"rendered":"<p>Vergangene Woche ging es f\u00fcr ein paar Tage nach Kyushu, um genau zu sein in die B\u00e4renpr\u00e4fektur Kumamoto. B\u00e4ren habe ich keine gesehen, daf\u00fcr aber viel Natur und K\u00fche. Ich bin recht sicher, dass dort auch keine B\u00e4ren hausen &#8211; bis auf das Maskottchen Kumamoto. Mein Ziel war die gleichnamige Hauptstadt. Eigentlich war der Ausflug &hellip; <\/p>\n<p class=\"link-more\"><a href=\"https:\/\/miyakomiyako.de\/index.php\/2018\/08\/22\/kumamoto\/\" class=\"more-link\"><span class=\"screen-reader-text\">\u201eKumamoto\u201c <\/span>weiterlesen<\/a><\/p>\n","protected":false},"author":2,"featured_media":0,"comment_status":"open","ping_status":"open","sticky":false,"template":"","format":"standard","meta":{"footnotes":""},"categories":[18,3],"tags":[],"class_list":["post-1143","post","type-post","status-publish","format-standard","hentry","category-kumamoto","category-reisen"],"_links":{"self":[{"href":"https:\/\/miyakomiyako.de\/index.php\/wp-json\/wp\/v2\/posts\/1143","targetHints":{"allow":["GET"]}}],"collection":[{"href":"https:\/\/miyakomiyako.de\/index.php\/wp-json\/wp\/v2\/posts"}],"about":[{"href":"https:\/\/miyakomiyako.de\/index.php\/wp-json\/wp\/v2\/types\/post"}],"author":[{"embeddable":true,"href":"https:\/\/miyakomiyako.de\/index.php\/wp-json\/wp\/v2\/users\/2"}],"replies":[{"embeddable":true,"href":"https:\/\/miyakomiyako.de\/index.php\/wp-json\/wp\/v2\/comments?post=1143"}],"version-history":[{"count":4,"href":"https:\/\/miyakomiyako.de\/index.php\/wp-json\/wp\/v2\/posts\/1143\/revisions"}],"predecessor-version":[{"id":1173,"href":"https:\/\/miyakomiyako.de\/index.php\/wp-json\/wp\/v2\/posts\/1143\/revisions\/1173"}],"wp:attachment":[{"href":"https:\/\/miyakomiyako.de\/index.php\/wp-json\/wp\/v2\/media?parent=1143"}],"wp:term":[{"taxonomy":"category","embeddable":true,"href":"https:\/\/miyakomiyako.de\/index.php\/wp-json\/wp\/v2\/categories?post=1143"},{"taxonomy":"post_tag","embeddable":true,"href":"https:\/\/miyakomiyako.de\/index.php\/wp-json\/wp\/v2\/tags?post=1143"}],"curies":[{"name":"wp","href":"https:\/\/api.w.org\/{rel}","templated":true}]}}