{"id":182,"date":"2017-10-04T15:28:13","date_gmt":"2017-10-04T13:28:13","guid":{"rendered":"http:\/\/miyakomiyako.de\/?p=182"},"modified":"2017-10-04T15:38:38","modified_gmt":"2017-10-04T13:38:38","slug":"die-sache-mit-dem-namen","status":"publish","type":"post","link":"https:\/\/miyakomiyako.de\/index.php\/2017\/10\/04\/die-sache-mit-dem-namen\/","title":{"rendered":"Die Sache mit dem Namen&#8230;"},"content":{"rendered":"<p style=\"text-align: justify;\">Puh. Heute Abend habe ich endlich ein wenig mehr Zeit f\u00fcr mich (bzw. ich nehme sie mir einfach), die ich f\u00fcr einen neuen Eintrag nutzen kann. Aber zun\u00e4chst ein Bild:<\/p>\n<figure id=\"attachment_195\" aria-describedby=\"caption-attachment-195\" style=\"width: 500px\" class=\"wp-caption aligncenter\"><a href=\"https:\/\/miyakomiyako.de\/?attachment_id=195\"><img loading=\"lazy\" decoding=\"async\" class=\"wp-image-195\" src=\"https:\/\/miyakomiyako.de\/wp-content\/uploads\/2017\/10\/IMG_20170929_090120.jpg\" alt=\"\" width=\"500\" height=\"281\" \/><\/a><figcaption id=\"caption-attachment-195\" class=\"wp-caption-text\">Ich w\u00fcrde sagen, ich bin da! Dieses Bild bot sich mir, als ich das erste Mal den Campus der Uni Kyoto betrat. Offenbar waren gerade auch einige Obersch\u00fcler da, um sich die Uni anzuschauen, erkennbar an den Schuluniformen (und nein, der Himmel ist nicht bearbeitet).<\/figcaption><\/figure>\n<p style=\"text-align: justify;\">Wie bereits im letzten Post angek\u00fcndigt, bin ich nun seit fast einer Woche in meinem Wohnheim in Uji in der Pr\u00e4fektur Kyoto. Vergangene Woche Donnerstag hie\u00df es also auschecken aus dem Hotel in Tokyo, einchecken am Flughafen und dann ging es Richtung Osaka. Von Osaka nahm ich wie bereits einige Male zuvor schon den Shuttlebus nach Kyoto und stieg da in die Bahn ein, die mich nach Uji bringen sollte &#8211; in den Unterlagen der Uni, die ich erhalten hatte, stand zwar, man solle von Kyoto aus ein Taxi nehmen, wof\u00fcr ich aber zu geizig war und au\u00dferdem redete ich mir ein, mich genug in Japan auszukennen, das auch so zu schaffen. Da sowohl der Flug als auch der Bus Versp\u00e4tung gehabt hatten, war ich viel sp\u00e4ter dran als urspr\u00fcnglich geplant. Um die Leute im Wohnheim nicht unn\u00f6tig warten zu lassen (und weil ich zu m\u00fcde war, mein Gep\u00e4ck noch eine Weile durch die Hitze zu schleppen), nahm ich von der Station Uji aus doch noch ein Taxi &#8211; von hier aus kostete es aber nur einen Bruchteil, war also v\u00f6llig verschmerzbar. Au\u00dferdem konnte ich mich ein wenig mit dem Fahrer unterhalten und bekam als Abschiedsgeschenk auch noch ein paar Kekse. Zwar sagte meiner Mama immer, ich solle nicht zu Fremden ins Auto steigen und auch keine S\u00fc\u00dfigkeiten annehmen, aber ich denke bei Taxis kann man schon mal eine Ausnahme machen. Vor allem in Japan \ud83d\ude09<\/p>\n<figure id=\"attachment_183\" aria-describedby=\"caption-attachment-183\" style=\"width: 220px\" class=\"wp-caption alignleft\"><a href=\"https:\/\/miyakomiyako.de\/?attachment_id=183\"><img loading=\"lazy\" decoding=\"async\" class=\"wp-image-183\" src=\"https:\/\/miyakomiyako.de\/wp-content\/uploads\/2017\/10\/IMG_20170929_074207.jpg\" alt=\"\" width=\"220\" height=\"124\" \/><\/a><figcaption id=\"caption-attachment-183\" class=\"wp-caption-text\">Das Wohnheim von au\u00dfen. Vorne sind die Familienapartments, im hinteren Geb\u00e4ude die Einzelapartments (meines kann man nicht sehen, da es vom vorderen Geb\u00e4ude verdeckt wird).<\/figcaption><\/figure>\n<p style=\"text-align: justify;\">Vor dem Wohnheim wurde ich dann auch schon mit einem &#8222;Guten Tag!&#8220; begr\u00fc\u00dft. Ja, auf Deutsch. Kurz \u00fcberlegte ich, ob sich der Fahrer nicht doch verfahren hatte, dann aber erkl\u00e4rte mir der nette Mitarbeiter, er h\u00e4tte einige Zeit lang Deutsch gelernt und w\u00e4re auch mal einen Monat in Karlsruhe gewesen. Da f\u00fchlte ich mich doch glatt wieder an <a href=\"http:\/\/okinawaichooseyou.de\/?p=197\">meine Ankunft in Okinawa<\/a>\u00a0erinnert, haha! Ich freute mich und betrat das Wohnheim, wo ich dann auch schon von den anderen Mitarbeitern (die alle kein Deutsch sprechen) in Empfang genommen wurde. Ich musste ein Formular ausf\u00fcllen, dann bekam ich meinen Schl\u00fcssel und wurde gebeten, zu checken, ob alles im Zimmer ordnungsgem\u00e4\u00df funktioniert und ggf. M\u00e4ngel in eine Tabelle einzutragen. Eine Mitarbeiterin war dann noch ganz begeistert von meinem Konzertshirt von\u00a0<em>One Ok Rock<\/em>, das ich gerade an hatte, und dass die Band offenbar auch in Deutschland auftrat (jap, und dort sind die Tickets auch um einiges g\u00fcnstiger als in Japan!).<\/p>\n<p style=\"text-align: justify;\">Ich fuhr mit dem Aufzug hoch (was f\u00fcr ein Luxus, sowas hatten wir in Okinawa nicht!), denn meine M\u00fcdigkeit, das Gep\u00e4ck und die Tatsache, dass ich im vierten Stock untergekommen bin (= in Deutschland dritter Stock) \u00fcberwogen meine Abneigung gegen\u00fcber Aufz\u00fcgen.<\/p>\n<figure id=\"attachment_185\" aria-describedby=\"caption-attachment-185\" style=\"width: 220px\" class=\"wp-caption alignright\"><a href=\"https:\/\/miyakomiyako.de\/?attachment_id=185\"><img loading=\"lazy\" decoding=\"async\" class=\"wp-image-185\" src=\"https:\/\/miyakomiyako.de\/wp-content\/uploads\/2017\/10\/IMG_20170928_171746.jpg\" alt=\"\" width=\"220\" height=\"124\" \/><\/a><figcaption id=\"caption-attachment-185\" class=\"wp-caption-text\">Ausblick von meinem Balkon. H\u00fcbsch, nicht wahr?<\/figcaption><\/figure>\n<p style=\"text-align: justify;\">Kurz checkte ich alles von der Liste ab und machte H\u00e4kchen, da alles funktionierte und vorhanden schien, dann brachte ich das Zettelchen wieder herunter und wurde gefragt, wann ich bei der F\u00fchrung teilnehmen w\u00fcrde. Da ich so sp\u00e4t war, kam nur noch ein Termin infrage. Uns wurde unter anderem erkl\u00e4rt, wie man M\u00fcll trennt (es gibt irgendwie gef\u00fchlt 20 Tonnen hier, da alles fein s\u00e4uberlich getrennt wird. Und nicht vergessen: bei Plastikflaschen werden Etikett und Kappe abgemacht!). Wir bekamen noch unser Bettzeug (darunter ein Kissen, das mit Steinen gef\u00fcllt ist. Aber hey, immerhin&#8230;? Damals in Okinawa hatten sie ja leider nicht genug, wieso auch immer.<\/p>\n<p style=\"text-align: justify;\">Mittlerweile habe ich auch schon einige Leute hier kennenlernen k\u00f6nnen, auch wenn niemand davon Japanisch spricht, leider. Meine Nachbarin kommt aus England, studiert aktuell aber in Heidelberg, weshalb sie auch Deutsch spricht (wir bleiben trotzdem bei Englisch) und wir haben die letzten Tage vermehrt gemeinsam etwas unternommen, unter anderem ein wenig Sightseeing in Kyoto. Etwas schade, dass die meisten Bewohner sich lieber in ihren Zimmern aufzuhalten scheinen; mal sehen, vielleicht \u00e4ndert sich das ja mit der Zeit noch.<\/p>\n<figure id=\"attachment_193\" aria-describedby=\"caption-attachment-193\" style=\"width: 220px\" class=\"wp-caption alignleft\"><a href=\"https:\/\/miyakomiyako.de\/?attachment_id=193\"><img loading=\"lazy\" decoding=\"async\" class=\"wp-image-193\" src=\"https:\/\/miyakomiyako.de\/wp-content\/uploads\/2017\/10\/IMG_20170928_172556.jpg\" alt=\"\" width=\"220\" height=\"124\" \/><\/a><figcaption id=\"caption-attachment-193\" class=\"wp-caption-text\">Ein kleiner Teil des Eingangsraums. Es gibt noch einen gro\u00dfen Aufenthaltsraum, von dem ich aber (noch) kein Foto gemacht habe.<\/figcaption><\/figure>\n<p style=\"text-align: justify;\">Um die Ecke gibt es einen Konbini, etwas weiter auch einen Supermarkt sowie noch etwas weiter ein Einkaufscenter. Zur Bahn ist es gl\u00fccklicherweise nicht so weit (etwa 10-15 Minuten, je nachdem ob man mit der JR oder der &#8222;normalen&#8220; Bimmelbahn tuckern will). Insgesamt brauche ich zur Uni leider ziemlich genau eine Stunde. Zwar gibt es auch hier einen Campus, nur leider f\u00fcr andere Fakult\u00e4ten; meine Kurse sind alle auf dem Hauptcampus oder im Wohnheim dort (wie gemein). Aber naja, man kann nicht immer Gl\u00fcck haben. Und bisher ging es mit der Fahrt, schlie\u00dflich bin ich nicht auf die Deutsche Bahn angewiesen. Ich meine, hey, sie dauert nur halb so lange wie ich in Deutschland pendle! Wenn das mal keine Besserung ist, wei\u00df ich auch nicht.<\/p>\n<p style=\"text-align: justify;\">Die letzten Tage hatte ich mit allerhand Formularen, die wir am Freitag an der Uni bei der Orientierung erhalten haben, zu tun. Anders als in Okinawa wird man hier mehr oder weniger alleine mit allem gelassen. Im Grunde hat man 20 Millionen Papiere, die es auszuf\u00fcllen gilt und dann muss man mit allem zu irgendwelchen \u00c4mtern laufen, sich registrieren, versichern, anmelden und nat\u00fcrlich noch sch\u00f6n blechen. Da bereits Montag auch schon Uni anfing, ist das nicht so einfach, alles gleichzeitig zu schaffen (der Weg macht es dann auch nochmal etwas komplizierter), aber ich glaube, jetzt habe ich den gr\u00f6\u00dften Teil erledigt. Seit vorgestern bin ich nun also auch in Japan gemeldet, kranken-, pflege- und rentenversichert (muss man als Austauschstudent irgendwie auch, wobei ich gl\u00fccklicherweise von den Zahlungen f\u00fcr letzteres befreit bin) und joa, insgesamt wohne ich nun auch offiziell hier.<\/p>\n<p style=\"text-align: justify;\">Wie praktisch, dass ich das meiste davon in Okinawa schon einmal gemacht hatte, wenn auch nicht alles. Hilfreich ist aber, dass ich jetzt deutlich besser Japanisch spreche und mehr verstehe als noch vor drei Jahren; zur Not also kann ich nachfragen, wenn ich ein Formular nicht verstehe. Was gleich ist, sind allerdings die Probleme mit meinem Namen, da er zu lang ist und Japaner das Konzept eines zweiten Vornamens nicht kennen. Als ich meine Adresse bei der Bank \u00e4ndern lie\u00df (da war immer noch meine Adresse in Okinawa eingetragen, ups&#8230;), wurde ich dann auch &#8222;Isabella-san&#8220; aufgerufen und entsprechend verwirrt \ud83d\ude00<\/p>\n<figure id=\"attachment_197\" aria-describedby=\"caption-attachment-197\" style=\"width: 220px\" class=\"wp-caption alignright\"><a href=\"https:\/\/miyakomiyako.de\/?attachment_id=197\"><img loading=\"lazy\" decoding=\"async\" class=\"wp-image-197\" src=\"https:\/\/miyakomiyako.de\/wp-content\/uploads\/2017\/10\/IMG_20170930_180153.jpg\" alt=\"\" width=\"220\" height=\"124\" \/><\/a><figcaption id=\"caption-attachment-197\" class=\"wp-caption-text\">Einkaufscenter, etwa 20 Minuten Fu\u00dfweg (30, wenn man sich verl\u00e4uft *hust*) entfernt.<\/figcaption><\/figure>\n<p style=\"text-align: justify;\">Als Masterstudentin bin ich nicht mehr prim\u00e4r an der Uni, um Japanisch zu lernen, weshalb die Sprachkurse f\u00fcr mich optional sind. Ich habe trotzdem welche belegt, wobei ich mal schauen muss, wie das so l\u00e4uft, sonst lasse ich sie ab n\u00e4chstem Semester bleiben. Was ich n\u00e4mlich eigentlich hier machen soll, ist ganz normal studieren &#8211; also Masterseminare (vorzugsweise aus meiner Fachrichtung, aber nicht mal das ist Pflicht) belegen, die eigentlich an japanische Studenten gerichtet sind, davon insgesamt vier St\u00fcck. Plus vier Stunden freiwilliger Sprachkurs macht dann 16 Wochenstunden Uni, was, denke ich, ganz okay ist &#8211; habe sie mir auch so gelegt, dass ich mittwochs frei habe. Zwei Tage Uni, einen Tag frei, nochmal zwei Tage und dann Wochenende ist doch auch ganz nett \ud83d\ude42 Wenn ich n\u00e4chstes Semester den Sprachkurs sein lasse, kann ich vielleicht auch mehr Seminare belegen, denn ganz ehrlich, ich glaube, die bringen mir deutlich mehr. Aber mal schauen.<\/p>\n<p style=\"text-align: justify;\">Da ich jetzt schon wieder so viel geschrieben habe, mache ich erst einmal Ende mit dem Beitrag. Ich denke, Ende der Woche habe ich dann auch wieder Zeit f\u00fcr einen richtigen Wochenr\u00fcckblick und kann ein wenig mehr zur Uni schreiben. Noch muss ich ein paar Sachen erledigen (u.a. mich f\u00fcr die Kurse anmelden, aber irgendwie habe ich immer noch keinen Studentenausweis bekommen, den ich daf\u00fcr brauche&#8230;), nochmal ins International Office und morgen gibt es noch eine Orientierungsveranstaltung und F\u00fchrung durch die Uni-Bibliothek f\u00fcr uns, die ich mir gerne anschauen wollte. Denke aber, dass ich dann das Gr\u00f6bste hinter mir habe und ab n\u00e4chster Woche voll durchstarten kann!<\/p>\n<p style=\"text-align: justify;\">PS: Auch meine Uni-Mail hier beinhaltet meinen Nachnamen und &#8222;Isabella&#8220; als Vornamen. &#8222;Sylvia&#8220; taucht im System gar nicht auf. Ich liebe Japan und sein Unverst\u00e4ndnis gegen\u00fcber zweiten Vornamen&#8230;*seufz*<\/p>\n<div id='gallery-1' class='gallery galleryid-182 gallery-columns-4 gallery-size-thumbnail'><figure class='gallery-item'>\n\t\t\t<div class='gallery-icon landscape'>\n\t\t\t\t<a href='https:\/\/miyakomiyako.de\/index.php\/2017\/10\/04\/die-sache-mit-dem-namen\/img_20170930_153606\/'><img loading=\"lazy\" decoding=\"async\" width=\"150\" height=\"84\" src=\"https:\/\/miyakomiyako.de\/wp-content\/uploads\/2017\/10\/IMG_20170930_153606.jpg\" class=\"attachment-thumbnail size-thumbnail\" alt=\"\" aria-describedby=\"gallery-1-184\" sizes=\"auto, 100vw\" \/><\/a>\n\t\t\t<\/div>\n\t\t\t\t<figcaption class='wp-caption-text gallery-caption' id='gallery-1-184'>\n\t\t\t\tDas Wohnheim steht (wie k\u00f6nnte es anders sein) auf einem H\u00fcgel, weshalb man einen kleinen \u00dcberblick \u00fcber die Umgebung hat.\n\t\t\t\t<\/figcaption><\/figure><figure class='gallery-item'>\n\t\t\t<div class='gallery-icon portrait'>\n\t\t\t\t<a href='https:\/\/miyakomiyako.de\/index.php\/2017\/10\/04\/die-sache-mit-dem-namen\/img_20170928_170255\/'><img loading=\"lazy\" decoding=\"async\" width=\"84\" height=\"150\" src=\"https:\/\/miyakomiyako.de\/wp-content\/uploads\/2017\/10\/IMG_20170928_170255.jpg\" class=\"attachment-thumbnail size-thumbnail\" alt=\"\" aria-describedby=\"gallery-1-190\" sizes=\"auto, 100vw\" \/><\/a>\n\t\t\t<\/div>\n\t\t\t\t<figcaption class='wp-caption-text gallery-caption' id='gallery-1-190'>\n\t\t\t\tDieser Anblick bot sich mir beim Eintritt in das Zimmer.\n\t\t\t\t<\/figcaption><\/figure><figure class='gallery-item'>\n\t\t\t<div class='gallery-icon portrait'>\n\t\t\t\t<a href='https:\/\/miyakomiyako.de\/index.php\/2017\/10\/04\/die-sache-mit-dem-namen\/img_20170928_170318\/'><img loading=\"lazy\" decoding=\"async\" width=\"84\" height=\"150\" src=\"https:\/\/miyakomiyako.de\/wp-content\/uploads\/2017\/10\/IMG_20170928_170318.jpg\" class=\"attachment-thumbnail size-thumbnail\" alt=\"\" aria-describedby=\"gallery-1-191\" sizes=\"auto, 100vw\" \/><\/a>\n\t\t\t<\/div>\n\t\t\t\t<figcaption class='wp-caption-text gallery-caption' id='gallery-1-191'>\n\t\t\t\tEs sieht dem in Okinawa sehr \u00e4hnlich. Mittlerweile habe ich einige M\u00f6bel ein wenig umgestellt.\n\t\t\t\t<\/figcaption><\/figure><figure class='gallery-item'>\n\t\t\t<div class='gallery-icon portrait'>\n\t\t\t\t<a href='https:\/\/miyakomiyako.de\/index.php\/2017\/10\/04\/die-sache-mit-dem-namen\/img_20170928_170440\/'><img loading=\"lazy\" decoding=\"async\" width=\"84\" height=\"150\" src=\"https:\/\/miyakomiyako.de\/wp-content\/uploads\/2017\/10\/IMG_20170928_170440.jpg\" class=\"attachment-thumbnail size-thumbnail\" alt=\"\" aria-describedby=\"gallery-1-192\" sizes=\"auto, 100vw\" \/><\/a>\n\t\t\t<\/div>\n\t\t\t\t<figcaption class='wp-caption-text gallery-caption' id='gallery-1-192'>\n\t\t\t\tUnd das Bad. Wieso es Glasw\u00e4nde (siehe vorheriges Bild) hat, finde ich noch irgendwann heraus.\n\t\t\t\t<\/figcaption><\/figure><figure class='gallery-item'>\n\t\t\t<div class='gallery-icon portrait'>\n\t\t\t\t<a href='https:\/\/miyakomiyako.de\/index.php\/2017\/10\/04\/die-sache-mit-dem-namen\/img_20171004_010511\/'><img loading=\"lazy\" decoding=\"async\" width=\"97\" height=\"150\" src=\"https:\/\/miyakomiyako.de\/wp-content\/uploads\/2017\/10\/IMG_20171004_010511.jpg\" class=\"attachment-thumbnail size-thumbnail\" alt=\"\" aria-describedby=\"gallery-1-199\" sizes=\"auto, 100vw\" \/><\/a>\n\t\t\t<\/div>\n\t\t\t\t<figcaption class='wp-caption-text gallery-caption' id='gallery-1-199'>\n\t\t\t\tFand ich auf dem K\u00fchlschrank vor. Auch dessen Zweck werde ich noch herausfinden. Oder schmei\u00dft man es wirklich ins&#8230;Feuer?\n\t\t\t\t<\/figcaption><\/figure><figure class='gallery-item'>\n\t\t\t<div class='gallery-icon portrait'>\n\t\t\t\t<a href='https:\/\/miyakomiyako.de\/index.php\/2017\/10\/04\/die-sache-mit-dem-namen\/img_20170928_172602\/'><img loading=\"lazy\" decoding=\"async\" width=\"84\" height=\"150\" src=\"https:\/\/miyakomiyako.de\/wp-content\/uploads\/2017\/10\/IMG_20170928_172602.jpg\" class=\"attachment-thumbnail size-thumbnail\" alt=\"\" aria-describedby=\"gallery-1-194\" sizes=\"auto, 100vw\" \/><\/a>\n\t\t\t<\/div>\n\t\t\t\t<figcaption class='wp-caption-text gallery-caption' id='gallery-1-194'>\n\t\t\t\tAuch ein Getr\u00e4nkeautomat in der Vorhalle darf nat\u00fcrlich nicht fehlen.\n\t\t\t\t<\/figcaption><\/figure><figure class='gallery-item'>\n\t\t\t<div class='gallery-icon landscape'>\n\t\t\t\t<a href='https:\/\/miyakomiyako.de\/index.php\/2017\/10\/04\/die-sache-mit-dem-namen\/img_20170930_203519\/'><img loading=\"lazy\" decoding=\"async\" width=\"150\" height=\"84\" src=\"https:\/\/miyakomiyako.de\/wp-content\/uploads\/2017\/10\/IMG_20170930_203519.jpg\" class=\"attachment-thumbnail size-thumbnail\" alt=\"\" aria-describedby=\"gallery-1-198\" sizes=\"auto, 100vw\" \/><\/a>\n\t\t\t<\/div>\n\t\t\t\t<figcaption class='wp-caption-text gallery-caption' id='gallery-1-198'>\n\t\t\t\tDa ich keinerlei Kochutensilien habe, musste ich so Einiges kaufen. Unter anderem auch diese pinke Pfanne f\u00fcr Induktionsherde, da ich diesmal kein Gas, sondern Induktion habe.\n\t\t\t\t<\/figcaption><\/figure><figure class='gallery-item'>\n\t\t\t<div class='gallery-icon landscape'>\n\t\t\t\t<a href='https:\/\/miyakomiyako.de\/index.php\/2017\/10\/04\/die-sache-mit-dem-namen\/img_20170929_165717\/'><img loading=\"lazy\" decoding=\"async\" width=\"150\" height=\"84\" src=\"https:\/\/miyakomiyako.de\/wp-content\/uploads\/2017\/10\/IMG_20170929_165717.jpg\" class=\"attachment-thumbnail size-thumbnail\" alt=\"\" aria-describedby=\"gallery-1-196\" sizes=\"auto, 100vw\" \/><\/a>\n\t\t\t<\/div>\n\t\t\t\t<figcaption class='wp-caption-text gallery-caption' id='gallery-1-196'>\n\t\t\t\tSo ungef\u00e4hr sieht die geisteswissenschaftliche Fakult\u00e4t, an der ich eingeschrieben bin, aus.\n\t\t\t\t<\/figcaption><\/figure><figure class='gallery-item'>\n\t\t\t<div class='gallery-icon landscape'>\n\t\t\t\t<a href='https:\/\/miyakomiyako.de\/index.php\/2017\/10\/04\/die-sache-mit-dem-namen\/dsc08844\/'><img loading=\"lazy\" decoding=\"async\" width=\"150\" height=\"100\" src=\"https:\/\/miyakomiyako.de\/wp-content\/uploads\/2017\/10\/DSC08844.jpg\" class=\"attachment-thumbnail size-thumbnail\" alt=\"\" aria-describedby=\"gallery-1-187\" sizes=\"auto, 100vw\" \/><\/a>\n\t\t\t<\/div>\n\t\t\t\t<figcaption class='wp-caption-text gallery-caption' id='gallery-1-187'>\n\t\t\t\tBei unserem Ausflug nach Kyoto haben meine Nachbarin, ein Kommilitone von ihr und ich uns diesen Tempel hier angeschaut.\n\t\t\t\t<\/figcaption><\/figure><figure class='gallery-item'>\n\t\t\t<div class='gallery-icon landscape'>\n\t\t\t\t<a href='https:\/\/miyakomiyako.de\/index.php\/2017\/10\/04\/die-sache-mit-dem-namen\/dsc08839\/'><img loading=\"lazy\" decoding=\"async\" width=\"150\" height=\"100\" src=\"https:\/\/miyakomiyako.de\/wp-content\/uploads\/2017\/10\/DSC08839.jpg\" class=\"attachment-thumbnail size-thumbnail\" alt=\"\" aria-describedby=\"gallery-1-186\" sizes=\"auto, 100vw\" \/><\/a>\n\t\t\t<\/div>\n\t\t\t\t<figcaption class='wp-caption-text gallery-caption' id='gallery-1-186'>\n\t\t\t\tIch glaube, allzu ber\u00fchmt ist er nicht, aber trotzdem interessant.\n\t\t\t\t<\/figcaption><\/figure><figure class='gallery-item'>\n\t\t\t<div class='gallery-icon portrait'>\n\t\t\t\t<a href='https:\/\/miyakomiyako.de\/index.php\/2017\/10\/04\/die-sache-mit-dem-namen\/dsc08849\/'><img loading=\"lazy\" decoding=\"async\" width=\"100\" height=\"150\" src=\"https:\/\/miyakomiyako.de\/wp-content\/uploads\/2017\/10\/DSC08849.jpg\" class=\"attachment-thumbnail size-thumbnail\" alt=\"\" aria-describedby=\"gallery-1-189\" sizes=\"auto, 100vw\" \/><\/a>\n\t\t\t<\/div>\n\t\t\t\t<figcaption class='wp-caption-text gallery-caption' id='gallery-1-189'>\n\t\t\t\tUnd h\u00fcbsch! Hier schwammen einige Fische herum.\n\t\t\t\t<\/figcaption><\/figure><figure class='gallery-item'>\n\t\t\t<div class='gallery-icon landscape'>\n\t\t\t\t<a href='https:\/\/miyakomiyako.de\/index.php\/2017\/10\/04\/die-sache-mit-dem-namen\/dsc08847\/'><img loading=\"lazy\" decoding=\"async\" width=\"150\" height=\"100\" src=\"https:\/\/miyakomiyako.de\/wp-content\/uploads\/2017\/10\/DSC08847.jpg\" class=\"attachment-thumbnail size-thumbnail\" alt=\"\" aria-describedby=\"gallery-1-188\" sizes=\"auto, 100vw\" \/><\/a>\n\t\t\t<\/div>\n\t\t\t\t<figcaption class='wp-caption-text gallery-caption' id='gallery-1-188'>\n\t\t\t\tDer goldene Karpfen war wirklich riesig.\n\t\t\t\t<\/figcaption><\/figure><figure class='gallery-item'>\n\t\t\t<div class='gallery-icon landscape'>\n\t\t\t\t<a href='https:\/\/miyakomiyako.de\/index.php\/2017\/10\/04\/die-sache-mit-dem-namen\/img-20171001-wa0005\/'><img loading=\"lazy\" decoding=\"async\" width=\"150\" height=\"100\" src=\"https:\/\/miyakomiyako.de\/wp-content\/uploads\/2017\/10\/IMG-20171001-WA0005.jpg\" class=\"attachment-thumbnail size-thumbnail\" alt=\"\" aria-describedby=\"gallery-1-200\" sizes=\"auto, 100vw\" \/><\/a>\n\t\t\t<\/div>\n\t\t\t\t<figcaption class='wp-caption-text gallery-caption' id='gallery-1-200'>\n\t\t\t\tWer meine Spiegelung in der Badezimmerwand nicht gesehen hat, darf sich \u00fcber dieses Bild von mir freuen.\n\t\t\t\t<\/figcaption><\/figure>\n\t\t<\/div>\n\n<p>&nbsp;<\/p>\n","protected":false},"excerpt":{"rendered":"<p>Puh. Heute Abend habe ich endlich ein wenig mehr Zeit f\u00fcr mich (bzw. ich nehme sie mir einfach), die ich f\u00fcr einen neuen Eintrag nutzen kann. Aber zun\u00e4chst ein Bild: Wie bereits im letzten Post angek\u00fcndigt, bin ich nun seit fast einer Woche in meinem Wohnheim in Uji in der Pr\u00e4fektur Kyoto. Vergangene Woche Donnerstag &hellip; <\/p>\n<p class=\"link-more\"><a href=\"https:\/\/miyakomiyako.de\/index.php\/2017\/10\/04\/die-sache-mit-dem-namen\/\" class=\"more-link\"><span class=\"screen-reader-text\">\u201eDie Sache mit dem Namen&#8230;\u201c <\/span>weiterlesen<\/a><\/p>\n","protected":false},"author":2,"featured_media":0,"comment_status":"open","ping_status":"open","sticky":false,"template":"","format":"standard","meta":{"footnotes":""},"categories":[1,5],"tags":[],"class_list":["post-182","post","type-post","status-publish","format-standard","hentry","category-allgemein","category-alltag"],"_links":{"self":[{"href":"https:\/\/miyakomiyako.de\/index.php\/wp-json\/wp\/v2\/posts\/182","targetHints":{"allow":["GET"]}}],"collection":[{"href":"https:\/\/miyakomiyako.de\/index.php\/wp-json\/wp\/v2\/posts"}],"about":[{"href":"https:\/\/miyakomiyako.de\/index.php\/wp-json\/wp\/v2\/types\/post"}],"author":[{"embeddable":true,"href":"https:\/\/miyakomiyako.de\/index.php\/wp-json\/wp\/v2\/users\/2"}],"replies":[{"embeddable":true,"href":"https:\/\/miyakomiyako.de\/index.php\/wp-json\/wp\/v2\/comments?post=182"}],"version-history":[{"count":4,"href":"https:\/\/miyakomiyako.de\/index.php\/wp-json\/wp\/v2\/posts\/182\/revisions"}],"predecessor-version":[{"id":204,"href":"https:\/\/miyakomiyako.de\/index.php\/wp-json\/wp\/v2\/posts\/182\/revisions\/204"}],"wp:attachment":[{"href":"https:\/\/miyakomiyako.de\/index.php\/wp-json\/wp\/v2\/media?parent=182"}],"wp:term":[{"taxonomy":"category","embeddable":true,"href":"https:\/\/miyakomiyako.de\/index.php\/wp-json\/wp\/v2\/categories?post=182"},{"taxonomy":"post_tag","embeddable":true,"href":"https:\/\/miyakomiyako.de\/index.php\/wp-json\/wp\/v2\/tags?post=182"}],"curies":[{"name":"wp","href":"https:\/\/api.w.org\/{rel}","templated":true}]}}