{"id":426,"date":"2017-11-25T16:50:36","date_gmt":"2017-11-25T15:50:36","guid":{"rendered":"http:\/\/miyakomiyako.de\/?p=426"},"modified":"2017-11-25T16:51:46","modified_gmt":"2017-11-25T15:51:46","slug":"rote-ahornblaetter-im-herbst","status":"publish","type":"post","link":"https:\/\/miyakomiyako.de\/index.php\/2017\/11\/25\/rote-ahornblaetter-im-herbst\/","title":{"rendered":"Rote Ahornbl\u00e4tter im Herbst"},"content":{"rendered":"<p style=\"text-align: justify;\">So war tats\u00e4chlich die deutsche \u00dcbersetzung einer Vokabel im ersten Semester. Im Japanischen nur ein Wort (\u7d05\u8449 <em>momiji<\/em> bzw. auch <em>k\u00f4y\u00f4<\/em> gelesen, wobei es dann allgemein f\u00fcr die rote Blattf\u00e4rbung steht), so beschreibt das ungef\u00e4hr, was viele Touristen nach Japan lockt. Nach dem Fr\u00fchling mit seinen Kirschbl\u00fcten d\u00fcrfte der Herbst die zweitbeliebteste Reisezeit sein, zumindest so mein Gef\u00fchl.<\/p>\n<p style=\"text-align: justify;\">Wie im vorigen Beitrag erw\u00e4hnt, waren wir vergangene Woche Freitag noch mit ein paar Freunden\u00a0<em>Yakiniku\u00a0<\/em>futtern, was sehr lecker war und worauf ich mich auch sehr gefreut hatte, war es doch bereits <a href=\"http:\/\/okinawaichooseyou.de\/?p=1891\">mindestens anderthalb Jahre<\/a> her, seit ich es zuletzt gegessen hatte. Es war ein sch\u00f6ner Abend und wir hatten \u00fcberlegt, danach noch ins Karaoke zu gehen, es wegen der sp\u00e4ten Uhrzeit jedoch gelassen. Zwar war ich zu meinem eigenen Geburtstagsessen dank des f\u00fcr mich zust\u00e4ndigen Professors zu sp\u00e4t gekommen, aber was soll&#8217;s &#8211; wieso muss er mir auch einen Tag vorher erst von dem Kolloquium erz\u00e4hlen? Er hat nicht einmal gefragt, ob ich kommen kann, sondern ist einfach davon ausgegangen&#8230;*seufz* Die Themen waren zwar spannend, aber wieso ich dann auch noch gedr\u00e4ngt wurde, Fragen zu stellen (obwohl ich keine hatte), verstehe ich auch nicht ganz&#8230;<\/p>\n<figure id=\"attachment_427\" aria-describedby=\"caption-attachment-427\" style=\"width: 220px\" class=\"wp-caption alignleft\"><a href=\"https:\/\/miyakomiyako.de\/?attachment_id=427\"><img loading=\"lazy\" decoding=\"async\" class=\"wp-image-427\" src=\"https:\/\/miyakomiyako.de\/wp-content\/uploads\/2017\/11\/DSC09214.jpg\" alt=\"\" width=\"220\" height=\"146\" \/><\/a><figcaption id=\"caption-attachment-427\" class=\"wp-caption-text\">H\u00fcbsch, nicht wahr?<\/figcaption><\/figure>\n<p style=\"text-align: justify;\">Samstag nutzte ich dann f\u00fcr Hausaufgaben, und am Sonntag hie\u00df es wieder Sightseeing in Kyoto. Diesmal wollten Elena, Michiko und ich schauen, wie es denn um die Herbstbl\u00e4tter stand (die Hochsaison ist f\u00fcr gew\u00f6hnlich erst Ende November, hat sich dieses Jahr aber etwas nach vorne verschoben) stand und wir machten uns auf zum Daigo-ji, einem Tempel im S\u00fcden Kyotos. Wie auch schon bei Ujis By\u00f4d\u00f4-in und gef\u00fchlt 80% aller Tempel in Kyoto handelt es sich dabei um ein Weltkulturerbe &#8211; und das ist nicht abwertend gemeint, denn ich mag die vielen Tempel hier. Es waren zwar viele Besucher da und aufgrund der Jahreszeit war auch der Eintritt nicht ganz g\u00fcnstig, aber es hat sich auf alle F\u00e4lle gelohnt. Ich denke, die Fotos sagen alles.<\/p>\n<p style=\"text-align: justify;\">Eigentlich kann man noch auf einen Berg hochlaufen und sich die Sicht sowie einen weiteren Teil der Tempelanlage weiter oben anschauen, allerdings wollten uns die Mitarbeiter nicht hochlassen. Die Erkl\u00e4rung habe ich bis heute nicht verstanden: Es w\u00fcrde bald dunkel und dann w\u00e4re es f\u00fcr M\u00e4dchen zu gef\u00e4hrlich, auf den Berg zu steigen.<\/p>\n<p style=\"text-align: justify;\">Ich hatte gleich mehrere Probleme mit der Aussage:<\/p>\n<ol style=\"text-align: justify;\">\n<li>Es war 15 Uhr. Bis zum Einbruch der Dunkelheit blieben noch mindestens zwei Stunden.<\/li>\n<li>Das ist Diskriminierung.<\/li>\n<li>Wir befanden uns in Japan.<\/li>\n<li>Ich war mindestens einen Kopf gr\u00f6\u00dfer als der Herr, der mir das erkl\u00e4rt hat.<\/li>\n<\/ol>\n<p style=\"text-align: justify;\">Aber es half nichts, er hielt daran fest und bat uns (nicht, ohne sich mehrfach zu entschuldigen), zu einer fr\u00fcheren Uhrzeit wiederzukommen. Da wir aber sicher nicht noch einmal so viel Eintritt zahlen wollen, werden wir diesen Herbst nicht wiederkommen. Schade, aber sei&#8217;s drum. Es gibt noch genug andere sch\u00f6ne Orte in und um Kyoto herum.<\/p>\n<p style=\"text-align: justify;\">Seit Donnerstag dieser Woche habe ich frei, da hier das Unifest stattfindet. Ich war bereits einen Tag lang da und morgen wollte ich zum Finale wieder hin, aber dann werde ich im n\u00e4chsten Beitrag gesammelt davon berichten.<\/p>\n<p style=\"text-align: justify;\">Die freien Tage habe ich auch f\u00fcr einen kleinen Ausflug genutzt und war so f\u00fcr zwei Tage in K\u00f4be, das etwa zwei Stunden Zugfahrt entfernt ist (sofern man in den richtigen Zug einsteigt *hust*).<\/p>\n<figure id=\"attachment_428\" aria-describedby=\"caption-attachment-428\" style=\"width: 220px\" class=\"wp-caption alignright\"><a href=\"https:\/\/miyakomiyako.de\/?attachment_id=428\"><img loading=\"lazy\" decoding=\"async\" class=\"wp-image-428\" src=\"https:\/\/miyakomiyako.de\/wp-content\/uploads\/2017\/11\/DSC09253.jpg\" alt=\"\" width=\"220\" height=\"145\" \/><\/a><figcaption id=\"caption-attachment-428\" class=\"wp-caption-text\">Kobes Hafengegend bei Nacht.<\/figcaption><\/figure>\n<p style=\"text-align: justify;\">Da ich vorher noch nie in Kobe gewesen war, gab es sehr viel f\u00fcr mich zu sehen. Besonders bekannt ist Kobe f\u00fcr seinen Hafen, der zu Japans gr\u00f6\u00dften und \u00e4ltesten H\u00e4fen geh\u00f6rt. Bis vor etwas mehr als 20 Jahren war es auch der gr\u00f6\u00dfte japanische Hafen, doch 1995 wurde Kobe von einem heftigen Erdbeben ersch\u00fcttert, wodurch viele H\u00e4user neu gebaut werden mussten und auch viele Firmen ihre Hauptsitze in andere Hafenst\u00e4dte verlegten. Dennoch lohnt sich ein Ausflug allemal, wie ich finde.<\/p>\n<p style=\"text-align: justify;\">Ich war nachmittags angekommen und checkte erst einmal in meiner Unterkunft (Kapselhotel!) ein, dann machte ich mich auf den Weg zum Hafen. Zwar war es schon dunkel, als ich ankam, aber so konnte ich mir immerhin die vielen sch\u00f6nen Lichter und beleuchteten Schiffe anschauen. Dann machte ich noch einen Rundgang durch einen gro\u00dfen Einkaufsdistrikt am Hafen (\u30cf\u30fc\u30d0\u30fc\u30e9\u30f3\u30c9\u00a0 f\u00fcr das Englische &#8222;Harbor Land&#8220;) und lief ein wenig durch die Gegend. Am Abend unterhielt ich mich noch nett mit den Mitarbeitern des Hostels (das \u00fcbrigens gerade einmal zwei Monate als ist und sehr gut!) und erkundigte mich nach Tipps f\u00fcr den n\u00e4chsten Tag. Wie es so ist, wenn man Einheimische fragt, hatte ich dann auch schon eine Planung f\u00fcr rund drei Tage, aber ich konnte mir ja auch etwas davon aussuchen. Ich nahm mir auch vor, wiederzukommen, da es sicherlich noch genug andere interessante Orte in und um Kobe herum gibt.<\/p>\n<p style=\"text-align: justify;\">Vormittags hie\u00df es also auschecken und in Richtung Norden &#8211; erst einmal vorbei an einem Schrein, an dem gerade \u4e03\u4e94\u4e09 (<em>shichi go san<\/em> &#8211; steht f\u00fcr die Zahlen 7, 5 und 3) gefeiert wurde. Eigentlich findet das bereits etwas fr\u00fcher im November statt, aber wieso nicht ein paar Tage l\u00e4nger feiern?<\/p>\n<p style=\"text-align: justify;\">Dabei handelt es sich um ein Kinderfest, bei dem Kinder, die drei, f\u00fcnf oder sieben Jahre alt sind, von ihren Eltern in Kimonos gekleidet und zu einem Schrein gebracht werden. Dort wird dann f\u00fcr Gesundheit und Gl\u00fcck f\u00fcr die Zukunft gebetet, Fotos werden geschossen und die Kinder bekommen S\u00fc\u00dfigkeiten.<\/p>\n<figure id=\"attachment_429\" aria-describedby=\"caption-attachment-429\" style=\"width: 146px\" class=\"wp-caption alignleft\"><a href=\"https:\/\/miyakomiyako.de\/?attachment_id=429\"><img loading=\"lazy\" decoding=\"async\" class=\"wp-image-429\" src=\"https:\/\/miyakomiyako.de\/wp-content\/uploads\/2017\/11\/DSC09270.jpg\" alt=\"\" width=\"146\" height=\"220\" \/><\/a><figcaption id=\"caption-attachment-429\" class=\"wp-caption-text\">Immer sch\u00f6n bergauf&#8230;<\/figcaption><\/figure>\n<p style=\"text-align: justify;\">Da ich nicht st\u00f6ren wollte, ging ich rasch weiter und wortw\u00f6rtlich hoch (es ging aufw\u00e4rts) in einen Distrikt namens \u7570\u4eba\u9928\u00a0<em>ijinkan,<\/em>\u00a0in dem europ\u00e4isch aussehende H\u00e4user stehen. Aufgrund seines gro\u00dfen Hafens war und ist Kobe eine sehr internationale Stadt und viele der alten H\u00e4user laden zur Besichtigung ein. Ich hielt mich jedoch nicht lange dort auf (westliche H\u00e4user kann ich mir ja auch in Deutschland angucken), sondern ging weiter in Richtung Berge. Dort konnte man mit einer Seilbahn hochfahren (oder zu Fu\u00df laufen, aber ich war faul und wollte nur zu Fu\u00df zur\u00fcck) und sich den Ausblick auf die Stadt anschauen. Ich liebe es ja, mir von hohen Orten aus Landschaften anzuschauen, und dementsprechend war es das perfekte Reiseziel f\u00fcr mich. Witzigerweise gab es weiter oben auch ein paar europ\u00e4isch aussehende H\u00e4user &#8211; um genau zu sein deutsch, denn es sah stark nach Fachwerkhaus aus. Gleichzeitig gab es auch eine Art&#8230;deutschen&#8230;Weihnachtsmarkt&#8230;ich denke? Zumindest stand auf einem Schild \u30c9\u30a4\u30c4\u796d\u308a\u00a0<em>doitsu matsuri<\/em>, was w\u00f6rtlich \u00fcbersetzt &#8222;Deutschland-Festival&#8220; bedeutet, aber mit &#8222;Beer &amp; Wine Fest&#8220; untertitelt war. Aber ist ja auch dasselbe.<\/p>\n<figure id=\"attachment_430\" aria-describedby=\"caption-attachment-430\" style=\"width: 220px\" class=\"wp-caption alignright\"><a href=\"https:\/\/miyakomiyako.de\/?attachment_id=430\"><img loading=\"lazy\" decoding=\"async\" class=\"wp-image-430\" src=\"https:\/\/miyakomiyako.de\/wp-content\/uploads\/2017\/11\/DSC09289.jpg\" alt=\"\" width=\"220\" height=\"146\" \/><\/a><figcaption id=\"caption-attachment-430\" class=\"wp-caption-text\">&#8230;ein deutscher Weihnachtsmarkt! Na, das hat sich doch gelohnt!<\/figcaption><\/figure>\n<p style=\"text-align: justify;\">Dort konnte man sich also v\u00f6llig \u00fcberteuert deutsches Bier, Bretzeln und Currywurst kaufen oder auch Ampelmann-Merchandise. Gl\u00fchwein schien es auch zu geben, aber ich sah zu, dass ich schnell weg kam, da mich die Wurst-mit-St\u00e4bchen-essenden Japaner etwas verst\u00f6rten. Ich genoss lieber den Ausblick und spazierte ein wenig auf dem Berg herum, sah mir den Kr\u00e4utergarten dort an und ging dann zu Fu\u00df wieder hinunter. Hin und wieder gab es ein paar sch\u00f6ne Blumenbeete zu bewundern und auch einen kleinen Wasserfall, was ich sehr sch\u00f6n fand.<\/p>\n<p style=\"text-align: justify;\">Da es dann auch schon wieder sp\u00e4t wurde, machte ich mich auf den Heimweg, fuhr zun\u00e4chst nach Kyoto, a\u00df etwas, fuhr aus Versehen nach Osaka (fragt nicht), musste zur\u00fcckfahren, kam nicht in den Zug und brauchte somit eine ganze Weile, ehe ich wieder zur\u00fcck war. Dennoch war es aber ein sehr sch\u00f6ner Ausflug und irgendwann m\u00f6chte ich definitiv wieder nach Kobe, um mir auch die vielen anderen Dinge dort anzusehen.<\/p>\n<div id='gallery-1' class='gallery galleryid-426 gallery-columns-4 gallery-size-thumbnail'><figure class='gallery-item'>\n\t\t\t<div class='gallery-icon portrait'>\n\t\t\t\t<a href='https:\/\/miyakomiyako.de\/index.php\/2017\/11\/25\/rote-ahornblaetter-im-herbst\/dsc09172\/'><img loading=\"lazy\" decoding=\"async\" width=\"100\" height=\"150\" src=\"https:\/\/miyakomiyako.de\/wp-content\/uploads\/2017\/11\/DSC09172.jpg\" class=\"attachment-thumbnail size-thumbnail\" alt=\"\" aria-describedby=\"gallery-1-431\" sizes=\"auto, 100vw\" \/><\/a>\n\t\t\t<\/div>\n\t\t\t\t<figcaption class='wp-caption-text gallery-caption' id='gallery-1-431'>\n\t\t\t\tBeim Daigo-ji gab es auch einen sch\u00f6nen Garten zu bewundern.\n\t\t\t\t<\/figcaption><\/figure><figure class='gallery-item'>\n\t\t\t<div class='gallery-icon landscape'>\n\t\t\t\t<a href='https:\/\/miyakomiyako.de\/index.php\/2017\/11\/25\/rote-ahornblaetter-im-herbst\/dsc09181\/'><img loading=\"lazy\" decoding=\"async\" width=\"150\" height=\"100\" src=\"https:\/\/miyakomiyako.de\/wp-content\/uploads\/2017\/11\/DSC09181.jpg\" class=\"attachment-thumbnail size-thumbnail\" alt=\"\" aria-describedby=\"gallery-1-432\" sizes=\"auto, 100vw\" \/><\/a>\n\t\t\t<\/div>\n\t\t\t\t<figcaption class='wp-caption-text gallery-caption' id='gallery-1-432'>\n\t\t\t\tDie B\u00e4ume schillerten in allen m\u00f6glichen Farben.\n\t\t\t\t<\/figcaption><\/figure><figure class='gallery-item'>\n\t\t\t<div class='gallery-icon landscape'>\n\t\t\t\t<a href='https:\/\/miyakomiyako.de\/index.php\/2017\/11\/25\/rote-ahornblaetter-im-herbst\/dsc09183\/'><img loading=\"lazy\" decoding=\"async\" width=\"150\" height=\"100\" src=\"https:\/\/miyakomiyako.de\/wp-content\/uploads\/2017\/11\/DSC09183.jpg\" class=\"attachment-thumbnail size-thumbnail\" alt=\"\" aria-describedby=\"gallery-1-433\" sizes=\"auto, 100vw\" \/><\/a>\n\t\t\t<\/div>\n\t\t\t\t<figcaption class='wp-caption-text gallery-caption' id='gallery-1-433'>\n\t\t\t\tIch mag japanische G\u00e4rten so gerne.\n\t\t\t\t<\/figcaption><\/figure><figure class='gallery-item'>\n\t\t\t<div class='gallery-icon landscape'>\n\t\t\t\t<a href='https:\/\/miyakomiyako.de\/index.php\/2017\/11\/25\/rote-ahornblaetter-im-herbst\/dsc09185\/'><img loading=\"lazy\" decoding=\"async\" width=\"150\" height=\"100\" src=\"https:\/\/miyakomiyako.de\/wp-content\/uploads\/2017\/11\/DSC09185.jpg\" class=\"attachment-thumbnail size-thumbnail\" alt=\"\" aria-describedby=\"gallery-1-434\" sizes=\"auto, 100vw\" \/><\/a>\n\t\t\t<\/div>\n\t\t\t\t<figcaption class='wp-caption-text gallery-caption' id='gallery-1-434'>\n\t\t\t\tAuch eine Art Innenhof gab es.\n\t\t\t\t<\/figcaption><\/figure><figure class='gallery-item'>\n\t\t\t<div class='gallery-icon landscape'>\n\t\t\t\t<a href='https:\/\/miyakomiyako.de\/index.php\/2017\/11\/25\/rote-ahornblaetter-im-herbst\/dsc09192\/'><img loading=\"lazy\" decoding=\"async\" width=\"150\" height=\"100\" src=\"https:\/\/miyakomiyako.de\/wp-content\/uploads\/2017\/11\/DSC09192.jpg\" class=\"attachment-thumbnail size-thumbnail\" alt=\"\" aria-describedby=\"gallery-1-435\" sizes=\"auto, 100vw\" \/><\/a>\n\t\t\t<\/div>\n\t\t\t\t<figcaption class='wp-caption-text gallery-caption' id='gallery-1-435'>\n\t\t\t\tHier hat jemand seine Wunschzettelchen an einen Baum geknotet.\n\t\t\t\t<\/figcaption><\/figure><figure class='gallery-item'>\n\t\t\t<div class='gallery-icon landscape'>\n\t\t\t\t<a href='https:\/\/miyakomiyako.de\/index.php\/2017\/11\/25\/rote-ahornblaetter-im-herbst\/dsc09194\/'><img loading=\"lazy\" decoding=\"async\" width=\"150\" height=\"100\" src=\"https:\/\/miyakomiyako.de\/wp-content\/uploads\/2017\/11\/DSC09194.jpg\" class=\"attachment-thumbnail size-thumbnail\" alt=\"\" aria-describedby=\"gallery-1-436\" sizes=\"auto, 100vw\" \/><\/a>\n\t\t\t<\/div>\n\t\t\t\t<figcaption class='wp-caption-text gallery-caption' id='gallery-1-436'>\n\t\t\t\tIst der Himmel nicht wundersch\u00f6n?\n\t\t\t\t<\/figcaption><\/figure><figure class='gallery-item'>\n\t\t\t<div class='gallery-icon portrait'>\n\t\t\t\t<a href='https:\/\/miyakomiyako.de\/index.php\/2017\/11\/25\/rote-ahornblaetter-im-herbst\/dsc09202\/'><img loading=\"lazy\" decoding=\"async\" width=\"100\" height=\"150\" src=\"https:\/\/miyakomiyako.de\/wp-content\/uploads\/2017\/11\/DSC09202.jpg\" class=\"attachment-thumbnail size-thumbnail\" alt=\"\" aria-describedby=\"gallery-1-437\" sizes=\"auto, 100vw\" \/><\/a>\n\t\t\t<\/div>\n\t\t\t\t<figcaption class='wp-caption-text gallery-caption' id='gallery-1-437'>\n\t\t\t\tEine Pagode auf dem Gel\u00e4nde darf nat\u00fcrlich auch nicht fehlen!\n\t\t\t\t<\/figcaption><\/figure><figure class='gallery-item'>\n\t\t\t<div class='gallery-icon landscape'>\n\t\t\t\t<a href='https:\/\/miyakomiyako.de\/index.php\/2017\/11\/25\/rote-ahornblaetter-im-herbst\/dsc09210\/'><img loading=\"lazy\" decoding=\"async\" width=\"150\" height=\"97\" src=\"https:\/\/miyakomiyako.de\/wp-content\/uploads\/2017\/11\/DSC09210.jpg\" class=\"attachment-thumbnail size-thumbnail\" alt=\"\" aria-describedby=\"gallery-1-438\" sizes=\"auto, 100vw\" \/><\/a>\n\t\t\t<\/div>\n\t\t\t\t<figcaption class='wp-caption-text gallery-caption' id='gallery-1-438'>\n\t\t\t\tIch mag, wie das Wasser wie eine Art Spiegel wirkt.\n\t\t\t\t<\/figcaption><\/figure><figure class='gallery-item'>\n\t\t\t<div class='gallery-icon landscape'>\n\t\t\t\t<a href='https:\/\/miyakomiyako.de\/index.php\/2017\/11\/25\/rote-ahornblaetter-im-herbst\/dsc09216\/'><img loading=\"lazy\" decoding=\"async\" width=\"150\" height=\"100\" src=\"https:\/\/miyakomiyako.de\/wp-content\/uploads\/2017\/11\/DSC09216.jpg\" class=\"attachment-thumbnail size-thumbnail\" alt=\"\" aria-describedby=\"gallery-1-439\" sizes=\"auto, 100vw\" \/><\/a>\n\t\t\t<\/div>\n\t\t\t\t<figcaption class='wp-caption-text gallery-caption' id='gallery-1-439'>\n\t\t\t\tWie in einem Film, haha.\n\t\t\t\t<\/figcaption><\/figure><figure class='gallery-item'>\n\t\t\t<div class='gallery-icon portrait'>\n\t\t\t\t<a href='https:\/\/miyakomiyako.de\/index.php\/2017\/11\/25\/rote-ahornblaetter-im-herbst\/dsc09233\/'><img loading=\"lazy\" decoding=\"async\" width=\"100\" height=\"150\" src=\"https:\/\/miyakomiyako.de\/wp-content\/uploads\/2017\/11\/DSC09233.jpg\" class=\"attachment-thumbnail size-thumbnail\" alt=\"\" aria-describedby=\"gallery-1-441\" sizes=\"auto, 100vw\" \/><\/a>\n\t\t\t<\/div>\n\t\t\t\t<figcaption class='wp-caption-text gallery-caption' id='gallery-1-441'>\n\t\t\t\tAb nach Kobe. Hier der Hafenturm aus der N\u00e4he.\n\t\t\t\t<\/figcaption><\/figure><figure class='gallery-item'>\n\t\t\t<div class='gallery-icon landscape'>\n\t\t\t\t<a href='https:\/\/miyakomiyako.de\/index.php\/2017\/11\/25\/rote-ahornblaetter-im-herbst\/dsc09228\/'><img loading=\"lazy\" decoding=\"async\" width=\"150\" height=\"100\" src=\"https:\/\/miyakomiyako.de\/wp-content\/uploads\/2017\/11\/DSC09228.jpg\" class=\"attachment-thumbnail size-thumbnail\" alt=\"\" aria-describedby=\"gallery-1-440\" sizes=\"auto, 100vw\" \/><\/a>\n\t\t\t<\/div>\n\t\t\t\t<figcaption class='wp-caption-text gallery-caption' id='gallery-1-440'>\n\t\t\t\tWas tun, wenn es zu dunkel zum Fotografieren ist? Richtig, mit Absicht unscharf fotografieren #randomhashtag\n\t\t\t\t<\/figcaption><\/figure><figure class='gallery-item'>\n\t\t\t<div class='gallery-icon landscape'>\n\t\t\t\t<a href='https:\/\/miyakomiyako.de\/index.php\/2017\/11\/25\/rote-ahornblaetter-im-herbst\/dsc09241\/'><img loading=\"lazy\" decoding=\"async\" width=\"150\" height=\"100\" src=\"https:\/\/miyakomiyako.de\/wp-content\/uploads\/2017\/11\/DSC09241.jpg\" class=\"attachment-thumbnail size-thumbnail\" alt=\"\" aria-describedby=\"gallery-1-442\" sizes=\"auto, 100vw\" \/><\/a>\n\t\t\t<\/div>\n\t\t\t\t<figcaption class='wp-caption-text gallery-caption' id='gallery-1-442'>\n\t\t\t\tDer Hafen, nat\u00fcrlich mit Riesenrad im Hintergrund.\n\t\t\t\t<\/figcaption><\/figure><figure class='gallery-item'>\n\t\t\t<div class='gallery-icon landscape'>\n\t\t\t\t<a href='https:\/\/miyakomiyako.de\/index.php\/2017\/11\/25\/rote-ahornblaetter-im-herbst\/img_20171124_190052\/'><img loading=\"lazy\" decoding=\"async\" width=\"150\" height=\"84\" src=\"https:\/\/miyakomiyako.de\/wp-content\/uploads\/2017\/11\/IMG_20171124_190052.jpg\" class=\"attachment-thumbnail size-thumbnail\" alt=\"\" aria-describedby=\"gallery-1-455\" sizes=\"auto, 100vw\" \/><\/a>\n\t\t\t<\/div>\n\t\t\t\t<figcaption class='wp-caption-text gallery-caption' id='gallery-1-455'>\n\t\t\t\tEin \u00dcberblick \u00fcber die Hafengegend. Sehr sch\u00f6n beleuchtet, oder?\n\t\t\t\t<\/figcaption><\/figure><figure class='gallery-item'>\n\t\t\t<div class='gallery-icon portrait'>\n\t\t\t\t<a href='https:\/\/miyakomiyako.de\/index.php\/2017\/11\/25\/rote-ahornblaetter-im-herbst\/dsc09259\/'><img loading=\"lazy\" decoding=\"async\" width=\"100\" height=\"150\" src=\"https:\/\/miyakomiyako.de\/wp-content\/uploads\/2017\/11\/DSC09259.jpg\" class=\"attachment-thumbnail size-thumbnail\" alt=\"\" aria-describedby=\"gallery-1-443\" sizes=\"auto, 100vw\" \/><\/a>\n\t\t\t<\/div>\n\t\t\t\t<figcaption class='wp-caption-text gallery-caption' id='gallery-1-443'>\n\t\t\t\tDas Riesenrad wechselte immer sch\u00f6n die Farben.\n\t\t\t\t<\/figcaption><\/figure><figure class='gallery-item'>\n\t\t\t<div class='gallery-icon portrait'>\n\t\t\t\t<a href='https:\/\/miyakomiyako.de\/index.php\/2017\/11\/25\/rote-ahornblaetter-im-herbst\/dsc09267\/'><img loading=\"lazy\" decoding=\"async\" width=\"100\" height=\"150\" src=\"https:\/\/miyakomiyako.de\/wp-content\/uploads\/2017\/11\/DSC09267.jpg\" class=\"attachment-thumbnail size-thumbnail\" alt=\"\" aria-describedby=\"gallery-1-444\" sizes=\"auto, 100vw\" \/><\/a>\n\t\t\t<\/div>\n\t\t\t\t<figcaption class='wp-caption-text gallery-caption' id='gallery-1-444'>\n\t\t\t\tEin Teil des Einkaufszentrums. Es gab auch einen Teil drau\u00dfen.\n\t\t\t\t<\/figcaption><\/figure><figure class='gallery-item'>\n\t\t\t<div class='gallery-icon portrait'>\n\t\t\t\t<a href='https:\/\/miyakomiyako.de\/index.php\/2017\/11\/25\/rote-ahornblaetter-im-herbst\/img_20171124_225603\/'><img loading=\"lazy\" decoding=\"async\" width=\"84\" height=\"150\" src=\"https:\/\/miyakomiyako.de\/wp-content\/uploads\/2017\/11\/IMG_20171124_225603.jpg\" class=\"attachment-thumbnail size-thumbnail\" alt=\"\" aria-describedby=\"gallery-1-456\" sizes=\"auto, 100vw\" \/><\/a>\n\t\t\t<\/div>\n\t\t\t\t<figcaption class='wp-caption-text gallery-caption' id='gallery-1-456'>\n\t\t\t\tIn Kobe scheint gerade eine Art Brotfestival stattzufinden. Wie passend!\n\t\t\t\t<\/figcaption><\/figure><figure class='gallery-item'>\n\t\t\t<div class='gallery-icon landscape'>\n\t\t\t\t<a href='https:\/\/miyakomiyako.de\/index.php\/2017\/11\/25\/rote-ahornblaetter-im-herbst\/img_20171124_174504\/'><img loading=\"lazy\" decoding=\"async\" width=\"150\" height=\"84\" src=\"https:\/\/miyakomiyako.de\/wp-content\/uploads\/2017\/11\/IMG_20171124_174504.jpg\" class=\"attachment-thumbnail size-thumbnail\" alt=\"\" aria-describedby=\"gallery-1-454\" sizes=\"auto, 100vw\" \/><\/a>\n\t\t\t<\/div>\n\t\t\t\t<figcaption class='wp-caption-text gallery-caption' id='gallery-1-454'>\n\t\t\t\tMein neues Lebensmotto.\n\t\t\t\t<\/figcaption><\/figure><figure class='gallery-item'>\n\t\t\t<div class='gallery-icon landscape'>\n\t\t\t\t<a href='https:\/\/miyakomiyako.de\/index.php\/2017\/11\/25\/rote-ahornblaetter-im-herbst\/img_20171124_173417\/'><img loading=\"lazy\" decoding=\"async\" width=\"150\" height=\"84\" src=\"https:\/\/miyakomiyako.de\/wp-content\/uploads\/2017\/11\/IMG_20171124_173417.jpg\" class=\"attachment-thumbnail size-thumbnail\" alt=\"\" aria-describedby=\"gallery-1-453\" sizes=\"auto, 100vw\" \/><\/a>\n\t\t\t<\/div>\n\t\t\t\t<figcaption class='wp-caption-text gallery-caption' id='gallery-1-453'>\n\t\t\t\t\u00dcberdachte Passage, kennt man ja mittlerweile.\n\t\t\t\t<\/figcaption><\/figure><figure class='gallery-item'>\n\t\t\t<div class='gallery-icon portrait'>\n\t\t\t\t<a href='https:\/\/miyakomiyako.de\/index.php\/2017\/11\/25\/rote-ahornblaetter-im-herbst\/img_20171125_104153\/'><img loading=\"lazy\" decoding=\"async\" width=\"84\" height=\"150\" src=\"https:\/\/miyakomiyako.de\/wp-content\/uploads\/2017\/11\/IMG_20171125_104153.jpg\" class=\"attachment-thumbnail size-thumbnail\" alt=\"\" aria-describedby=\"gallery-1-457\" sizes=\"auto, 100vw\" \/><\/a>\n\t\t\t<\/div>\n\t\t\t\t<figcaption class='wp-caption-text gallery-caption' id='gallery-1-457'>\n\t\t\t\tEine deutsche Konditorei!\n\t\t\t\t<\/figcaption><\/figure><figure class='gallery-item'>\n\t\t\t<div class='gallery-icon landscape'>\n\t\t\t\t<a href='https:\/\/miyakomiyako.de\/index.php\/2017\/11\/25\/rote-ahornblaetter-im-herbst\/img_20171125_113838\/'><img loading=\"lazy\" decoding=\"async\" width=\"150\" height=\"84\" src=\"https:\/\/miyakomiyako.de\/wp-content\/uploads\/2017\/11\/IMG_20171125_113838.jpg\" class=\"attachment-thumbnail size-thumbnail\" alt=\"\" aria-describedby=\"gallery-1-459\" sizes=\"auto, 100vw\" \/><\/a>\n\t\t\t<\/div>\n\t\t\t\t<figcaption class='wp-caption-text gallery-caption' id='gallery-1-459'>\n\t\t\t\tUnd die europ\u00e4ischen H\u00e4user. \u00dcberall Einbrecher am hellichten Tag!\n\t\t\t\t<\/figcaption><\/figure><figure class='gallery-item'>\n\t\t\t<div class='gallery-icon portrait'>\n\t\t\t\t<a href='https:\/\/miyakomiyako.de\/index.php\/2017\/11\/25\/rote-ahornblaetter-im-herbst\/img_20171125_113559\/'><img loading=\"lazy\" decoding=\"async\" width=\"84\" height=\"150\" src=\"https:\/\/miyakomiyako.de\/wp-content\/uploads\/2017\/11\/IMG_20171125_113559.jpg\" class=\"attachment-thumbnail size-thumbnail\" alt=\"\" aria-describedby=\"gallery-1-458\" sizes=\"auto, 100vw\" \/><\/a>\n\t\t\t<\/div>\n\t\t\t\t<figcaption class='wp-caption-text gallery-caption' id='gallery-1-458'>\n\t\t\t\tSogar ein fancy Starbucks gab es.\n\t\t\t\t<\/figcaption><\/figure><figure class='gallery-item'>\n\t\t\t<div class='gallery-icon portrait'>\n\t\t\t\t<a href='https:\/\/miyakomiyako.de\/index.php\/2017\/11\/25\/rote-ahornblaetter-im-herbst\/dsc09274\/'><img loading=\"lazy\" decoding=\"async\" width=\"100\" height=\"150\" src=\"https:\/\/miyakomiyako.de\/wp-content\/uploads\/2017\/11\/DSC09274.jpg\" class=\"attachment-thumbnail size-thumbnail\" alt=\"\" aria-describedby=\"gallery-1-445\" sizes=\"auto, 100vw\" \/><\/a>\n\t\t\t<\/div>\n\t\t\t\t<figcaption class='wp-caption-text gallery-caption' id='gallery-1-445'>\n\t\t\t\tImmer weiter hoch&#8230;\n\t\t\t\t<\/figcaption><\/figure><figure class='gallery-item'>\n\t\t\t<div class='gallery-icon portrait'>\n\t\t\t\t<a href='https:\/\/miyakomiyako.de\/index.php\/2017\/11\/25\/rote-ahornblaetter-im-herbst\/img_20171125_130905\/'><img loading=\"lazy\" decoding=\"async\" width=\"84\" height=\"150\" src=\"https:\/\/miyakomiyako.de\/wp-content\/uploads\/2017\/11\/IMG_20171125_130905.jpg\" class=\"attachment-thumbnail size-thumbnail\" alt=\"\" aria-describedby=\"gallery-1-462\" sizes=\"auto, 100vw\" \/><\/a>\n\t\t\t<\/div>\n\t\t\t\t<figcaption class='wp-caption-text gallery-caption' id='gallery-1-462'>\n\t\t\t\tUnterwegs konnte ich einen Blick auf den Wasserfall erhaschen!\n\t\t\t\t<\/figcaption><\/figure><figure class='gallery-item'>\n\t\t\t<div class='gallery-icon landscape'>\n\t\t\t\t<a href='https:\/\/miyakomiyako.de\/index.php\/2017\/11\/25\/rote-ahornblaetter-im-herbst\/dsc09284\/'><img loading=\"lazy\" decoding=\"async\" width=\"150\" height=\"100\" src=\"https:\/\/miyakomiyako.de\/wp-content\/uploads\/2017\/11\/DSC09284.jpg\" class=\"attachment-thumbnail size-thumbnail\" alt=\"\" aria-describedby=\"gallery-1-448\" sizes=\"auto, 100vw\" \/><\/a>\n\t\t\t<\/div>\n\t\t\t\t<figcaption class='wp-caption-text gallery-caption' id='gallery-1-448'>\n\t\t\t\tJaja, die Aussicht ist sch\u00f6n, aber&#8230;\n\t\t\t\t<\/figcaption><\/figure><figure class='gallery-item'>\n\t\t\t<div class='gallery-icon landscape'>\n\t\t\t\t<a href='https:\/\/miyakomiyako.de\/index.php\/2017\/11\/25\/rote-ahornblaetter-im-herbst\/dsc09275\/'><img loading=\"lazy\" decoding=\"async\" width=\"150\" height=\"100\" src=\"https:\/\/miyakomiyako.de\/wp-content\/uploads\/2017\/11\/DSC09275.jpg\" class=\"attachment-thumbnail size-thumbnail\" alt=\"\" aria-describedby=\"gallery-1-446\" sizes=\"auto, 100vw\" \/><\/a>\n\t\t\t<\/div>\n\t\t\t\t<figcaption class='wp-caption-text gallery-caption' id='gallery-1-446'>\n\t\t\t\t&#8230;eigentlich bin ich doch deshalb hergekommen. Oder&#8230;?\n\t\t\t\t<\/figcaption><\/figure><figure class='gallery-item'>\n\t\t\t<div class='gallery-icon landscape'>\n\t\t\t\t<a href='https:\/\/miyakomiyako.de\/index.php\/2017\/11\/25\/rote-ahornblaetter-im-herbst\/img_20171125_121022\/'><img loading=\"lazy\" decoding=\"async\" width=\"150\" height=\"90\" src=\"https:\/\/miyakomiyako.de\/wp-content\/uploads\/2017\/11\/IMG_20171125_121022.jpg\" class=\"attachment-thumbnail size-thumbnail\" alt=\"\" aria-describedby=\"gallery-1-460\" sizes=\"auto, 100vw\" \/><\/a>\n\t\t\t<\/div>\n\t\t\t\t<figcaption class='wp-caption-text gallery-caption' id='gallery-1-460'>\n\t\t\t\tOder auch nicht. Ist das vielleicht teuer!\n\t\t\t\t<\/figcaption><\/figure><figure class='gallery-item'>\n\t\t\t<div class='gallery-icon portrait'>\n\t\t\t\t<a href='https:\/\/miyakomiyako.de\/index.php\/2017\/11\/25\/rote-ahornblaetter-im-herbst\/img_20171125_122427\/'><img loading=\"lazy\" decoding=\"async\" width=\"84\" height=\"150\" src=\"https:\/\/miyakomiyako.de\/wp-content\/uploads\/2017\/11\/IMG_20171125_122427.jpg\" class=\"attachment-thumbnail size-thumbnail\" alt=\"\" aria-describedby=\"gallery-1-461\" sizes=\"auto, 100vw\" \/><\/a>\n\t\t\t<\/div>\n\t\t\t\t<figcaption class='wp-caption-text gallery-caption' id='gallery-1-461'>\n\t\t\t\tSogar Fanartikel zum Berliner Ampelmann gab es.\n\t\t\t\t<\/figcaption><\/figure><figure class='gallery-item'>\n\t\t\t<div class='gallery-icon landscape'>\n\t\t\t\t<a href='https:\/\/miyakomiyako.de\/index.php\/2017\/11\/25\/rote-ahornblaetter-im-herbst\/dsc09277\/'><img loading=\"lazy\" decoding=\"async\" width=\"150\" height=\"100\" src=\"https:\/\/miyakomiyako.de\/wp-content\/uploads\/2017\/11\/DSC09277.jpg\" class=\"attachment-thumbnail size-thumbnail\" alt=\"\" aria-describedby=\"gallery-1-447\" sizes=\"auto, 100vw\" \/><\/a>\n\t\t\t<\/div>\n\t\t\t\t<figcaption class='wp-caption-text gallery-caption' id='gallery-1-447'>\n\t\t\t\tDann doch lieber Aussicht genie\u00dfen.\n\t\t\t\t<\/figcaption><\/figure><figure class='gallery-item'>\n\t\t\t<div class='gallery-icon landscape'>\n\t\t\t\t<a href='https:\/\/miyakomiyako.de\/index.php\/2017\/11\/25\/rote-ahornblaetter-im-herbst\/dsc09286\/'><img loading=\"lazy\" decoding=\"async\" width=\"150\" height=\"100\" src=\"https:\/\/miyakomiyako.de\/wp-content\/uploads\/2017\/11\/DSC09286.jpg\" class=\"attachment-thumbnail size-thumbnail\" alt=\"\" aria-describedby=\"gallery-1-449\" sizes=\"auto, 100vw\" \/><\/a>\n\t\t\t<\/div>\n\t\t\t\t<figcaption class='wp-caption-text gallery-caption' id='gallery-1-449'>\n\t\t\t\tGaaanz hinten in der Ferne kann man sogar bis nach Osaka sehen!\n\t\t\t\t<\/figcaption><\/figure><figure class='gallery-item'>\n\t\t\t<div class='gallery-icon landscape'>\n\t\t\t\t<a href='https:\/\/miyakomiyako.de\/index.php\/2017\/11\/25\/rote-ahornblaetter-im-herbst\/dsc09293\/'><img loading=\"lazy\" decoding=\"async\" width=\"150\" height=\"100\" src=\"https:\/\/miyakomiyako.de\/wp-content\/uploads\/2017\/11\/DSC09293.jpg\" class=\"attachment-thumbnail size-thumbnail\" alt=\"\" aria-describedby=\"gallery-1-450\" sizes=\"auto, 100vw\" \/><\/a>\n\t\t\t<\/div>\n\t\t\t\t<figcaption class='wp-caption-text gallery-caption' id='gallery-1-450'>\n\t\t\t\tAuf dem R\u00fcckweg gab es auch viel sch\u00f6ne Natur zu bewundern.\n\t\t\t\t<\/figcaption><\/figure><figure class='gallery-item'>\n\t\t\t<div class='gallery-icon portrait'>\n\t\t\t\t<a href='https:\/\/miyakomiyako.de\/index.php\/2017\/11\/25\/rote-ahornblaetter-im-herbst\/dsc09297\/'><img loading=\"lazy\" decoding=\"async\" width=\"100\" height=\"150\" src=\"https:\/\/miyakomiyako.de\/wp-content\/uploads\/2017\/11\/DSC09297.jpg\" class=\"attachment-thumbnail size-thumbnail\" alt=\"\" aria-describedby=\"gallery-1-451\" sizes=\"auto, 100vw\" \/><\/a>\n\t\t\t<\/div>\n\t\t\t\t<figcaption class='wp-caption-text gallery-caption' id='gallery-1-451'>\n\t\t\t\tWer wollte, konnte nat\u00fcrlich auch mit der Seilbahn wieder hinunterfahren.\n\t\t\t\t<\/figcaption><\/figure><figure class='gallery-item'>\n\t\t\t<div class='gallery-icon landscape'>\n\t\t\t\t<a href='https:\/\/miyakomiyako.de\/index.php\/2017\/11\/25\/rote-ahornblaetter-im-herbst\/dsc09300\/'><img loading=\"lazy\" decoding=\"async\" width=\"150\" height=\"100\" src=\"https:\/\/miyakomiyako.de\/wp-content\/uploads\/2017\/11\/DSC09300.jpg\" class=\"attachment-thumbnail size-thumbnail\" alt=\"\" aria-describedby=\"gallery-1-452\" sizes=\"auto, 100vw\" \/><\/a>\n\t\t\t<\/div>\n\t\t\t\t<figcaption class='wp-caption-text gallery-caption' id='gallery-1-452'>\n\t\t\t\tOb die Leute darin sich zugewunken haben?\n\t\t\t\t<\/figcaption><\/figure>\n\t\t<\/div>\n\n","protected":false},"excerpt":{"rendered":"<p>So war tats\u00e4chlich die deutsche \u00dcbersetzung einer Vokabel im ersten Semester. Im Japanischen nur ein Wort (\u7d05\u8449 momiji bzw. auch k\u00f4y\u00f4 gelesen, wobei es dann allgemein f\u00fcr die rote Blattf\u00e4rbung steht), so beschreibt das ungef\u00e4hr, was viele Touristen nach Japan lockt. Nach dem Fr\u00fchling mit seinen Kirschbl\u00fcten d\u00fcrfte der Herbst die zweitbeliebteste Reisezeit sein, zumindest &hellip; <\/p>\n<p class=\"link-more\"><a href=\"https:\/\/miyakomiyako.de\/index.php\/2017\/11\/25\/rote-ahornblaetter-im-herbst\/\" class=\"more-link\"><span class=\"screen-reader-text\">\u201eRote Ahornbl\u00e4tter im Herbst\u201c <\/span>weiterlesen<\/a><\/p>\n","protected":false},"author":2,"featured_media":0,"comment_status":"open","ping_status":"open","sticky":false,"template":"","format":"standard","meta":{"footnotes":""},"categories":[7,3,6],"tags":[],"class_list":["post-426","post","type-post","status-publish","format-standard","hentry","category-kobe","category-reisen","category-sightseeing"],"_links":{"self":[{"href":"https:\/\/miyakomiyako.de\/index.php\/wp-json\/wp\/v2\/posts\/426","targetHints":{"allow":["GET"]}}],"collection":[{"href":"https:\/\/miyakomiyako.de\/index.php\/wp-json\/wp\/v2\/posts"}],"about":[{"href":"https:\/\/miyakomiyako.de\/index.php\/wp-json\/wp\/v2\/types\/post"}],"author":[{"embeddable":true,"href":"https:\/\/miyakomiyako.de\/index.php\/wp-json\/wp\/v2\/users\/2"}],"replies":[{"embeddable":true,"href":"https:\/\/miyakomiyako.de\/index.php\/wp-json\/wp\/v2\/comments?post=426"}],"version-history":[{"count":4,"href":"https:\/\/miyakomiyako.de\/index.php\/wp-json\/wp\/v2\/posts\/426\/revisions"}],"predecessor-version":[{"id":466,"href":"https:\/\/miyakomiyako.de\/index.php\/wp-json\/wp\/v2\/posts\/426\/revisions\/466"}],"wp:attachment":[{"href":"https:\/\/miyakomiyako.de\/index.php\/wp-json\/wp\/v2\/media?parent=426"}],"wp:term":[{"taxonomy":"category","embeddable":true,"href":"https:\/\/miyakomiyako.de\/index.php\/wp-json\/wp\/v2\/categories?post=426"},{"taxonomy":"post_tag","embeddable":true,"href":"https:\/\/miyakomiyako.de\/index.php\/wp-json\/wp\/v2\/tags?post=426"}],"curies":[{"name":"wp","href":"https:\/\/api.w.org\/{rel}","templated":true}]}}