{"id":752,"date":"2018-04-25T10:45:21","date_gmt":"2018-04-25T08:45:21","guid":{"rendered":"http:\/\/miyakomiyako.de\/?p=752"},"modified":"2018-04-25T10:45:21","modified_gmt":"2018-04-25T08:45:21","slug":"kirschblueten-in-yoshino-oder-vom-winter-in-den-fruehling","status":"publish","type":"post","link":"https:\/\/miyakomiyako.de\/index.php\/2018\/04\/25\/kirschblueten-in-yoshino-oder-vom-winter-in-den-fruehling\/","title":{"rendered":"Kirschbl\u00fcten in Yoshino &#8211; oder: Vom Winter in den Fr\u00fchling"},"content":{"rendered":"<p style=\"text-align: justify;\">Kurz nach meiner R\u00fcckkehr, am 31. M\u00e4rz, beschlossen einige Freunde aus Obaku und ich, uns die Kirschbl\u00fcten anzuschauen. Irgendwie war w\u00e4hrend meines Urlaubs pl\u00f6tzlich Fr\u00fchling geworden &#8211; vielleicht kam es mir aber auch nur so vor, weil ich gerade aus Sapporo kam. Wir wollten nach Yoshino im S\u00fcden der Nachbarpr\u00e4fektur Nara fahren, da dieser Ort einer der beliebtesten und ber\u00fchmtesten Pl\u00e4tze f\u00fcr Kirschbl\u00fcten in Japan ist. Irgendein wichtiger Mensch der Geschichte soll dort h\u00f6chstpers\u00f6nlich entlanggeschlendert sein und die Bl\u00fcten bewundert haben. Wie praktisch, dass uns nur knapp drei Stunden Bahnfahrt von Yoshino trennen!<\/p>\n<figure id=\"attachment_898\" aria-describedby=\"caption-attachment-898\" style=\"width: 220px\" class=\"wp-caption alignright\"><a href=\"https:\/\/miyakomiyako.de\/index.php\/2018\/04\/25\/kirschblueten-in-yoshino-oder-vom-winter-in-den-fruehling\/dsc00442\/\" rel=\"attachment wp-att-898\"><img loading=\"lazy\" decoding=\"async\" class=\"wp-image-898\" src=\"https:\/\/miyakomiyako.de\/wp-content\/uploads\/2018\/04\/DSC00442.jpg\" alt=\"\" width=\"220\" height=\"146\" \/><\/a><figcaption id=\"caption-attachment-898\" class=\"wp-caption-text\">Wir stiegen eine Station zu fr\u00fch aus und mussten dann auf den n\u00e4chsten Zug warten. Ups.<\/figcaption><\/figure>\n<p style=\"text-align: justify;\">Um m\u00f6glichst viel vom Tag zu haben, trafen wir uns daher schon um 7 Uhr morgens (und das an einem Samstag in den Ferien&#8230;) am Hauptbahnhof Kyoto und fuhren mit einem Umstieg nach Yoshino r\u00fcber. Da wir alle v\u00f6llig \u00fcberm\u00fcdet waren, verbrachten wir einen guten Teil der Fahrt mit Schlafen.<\/p>\n<p style=\"text-align: justify;\">In Yoshino angekommen, kauften wir uns jeder ein Bent\u00f4 f\u00fcr das Mittagessen und machten uns dann an den Aufstieg &#8211; ja, genau, es ging in die Berge! Gut drei Stunden wanderten wir die Pfade hoch, umringt von Kirschbl\u00fcten (und ein paar kahlen B\u00e4umen, da wir etwas zu fr\u00fch f\u00fcr die volle Bl\u00fcte waren), aber dennoch war es einfach wundersch\u00f6n anzusehen. Zwar war es sehr anstrengend, aber wir machten genug Pausen inklusive Picknick zum Mittagessen, und es lohnte sich einfach, weil es so sch\u00f6n war. Wieso gibt es in Deutschland nicht so sch\u00f6ne B\u00e4ume?<\/p>\n<p style=\"text-align: justify;\">Oben angekommen, wurden nat\u00fcrlich unendlich viele Fotos geschossen, dann ruhten wir uns eine Weile aus und spielten Uno. Dazu muss man wissen, dass diese Tradition bereits anfing, als ich noch im Wohnheim von Obaku wohnte und wir dort mehrere Abende lang Uno spielten, denn Uno ist f\u00fcr Obaku-Leute mehr als nur ein Kartenspiel &#8211; es ist Krieg! Da k\u00f6nnen aus &#8222;ein paar Runden&#8220; schnell mal mehrere Stunden werden und wenn einer dann 22 Karten ziehen muss, dann&#8230; b\u00fc\u00dft sp\u00e4testens in der n\u00e4chsten Runde jemand daf\u00fcr.<\/p>\n<figure id=\"attachment_897\" aria-describedby=\"caption-attachment-897\" style=\"width: 250px\" class=\"wp-caption aligncenter\"><a href=\"https:\/\/miyakomiyako.de\/index.php\/2018\/04\/25\/kirschblueten-in-yoshino-oder-vom-winter-in-den-fruehling\/img_2597\/\" rel=\"attachment wp-att-897\"><img loading=\"lazy\" decoding=\"async\" class=\"wp-image-897\" src=\"https:\/\/miyakomiyako.de\/wp-content\/uploads\/2018\/04\/IMG_2597.jpg\" alt=\"\" width=\"250\" height=\"167\" \/><\/a><figcaption id=\"caption-attachment-897\" class=\"wp-caption-text\">Halbzeit: Bereits auf H\u00e4lfte des Weges war die Aussicht atemberaubend &#8211; und wir stolz, so weit gekommen zu sein.<\/figcaption><\/figure>\n<p style=\"text-align: justify;\">Kurz bevor es d\u00e4mmerte, machten wir uns dann auf den R\u00fcckweg, damit wir nicht bei Dunkelheit herabsteigen mussten. Der R\u00fcckweg dauerte dann auch &#8222;nur&#8220; halb so lange wie der Hinweg, da wir erstens hinabgehen konnten und zweitens keine Pausen mehr einlegten. V\u00f6llig ersch\u00f6pft ging es dann sp\u00e4ter mit der Bahn nach Hause, mit einem kurzen Zwischenstopp in einer Bar, um zu Abend zu essen und uns noch ein Weilchen zu unterhalten.<\/p>\n<figure id=\"attachment_899\" aria-describedby=\"caption-attachment-899\" style=\"width: 220px\" class=\"wp-caption alignleft\"><a href=\"https:\/\/miyakomiyako.de\/index.php\/2018\/04\/25\/kirschblueten-in-yoshino-oder-vom-winter-in-den-fruehling\/dsc00531\/\" rel=\"attachment wp-att-899\"><img loading=\"lazy\" decoding=\"async\" class=\"wp-image-899\" src=\"https:\/\/miyakomiyako.de\/wp-content\/uploads\/2018\/04\/DSC00531.jpg\" alt=\"\" width=\"220\" height=\"146\" \/><\/a><figcaption id=\"caption-attachment-899\" class=\"wp-caption-text\">Fragt nicht, was das soll. Mit der roten Maske und langen Nase: Tengu.<\/figcaption><\/figure>\n<p style=\"text-align: justify;\">Nach Yoshino ging es auch nach \u00d4tsu an den Biwa-See gleich neben Kyoto, um Kirschbl\u00fcten anzuschauen. Diesmal trafen wir uns nicht ganz so fr\u00fch, da alle noch v\u00f6llig kaputt vom Vortag waren. Urspr\u00fcnglich hatten wir in einen Park am See gehen wollen, wurden jedoch unterwegs von einem Herrn in Anzug aufgefordert, doch mal beim Wrestling zuzuschauen. Ehm ja. Irgendwie hatte jemand einen Ring in der N\u00e4he des Sees aufgebaut und dort drin k\u00e4mpften dann ein Tengu (japanisches Fabelwesen) gegen Ramen-Man (oder so). Der Tengu symbolisierte dabei Kyoto (im Norden bei Kurama sind die Berge, in denen laut Mythen Tengu leben sollen), w\u00e4hrend Mr. Ramen f\u00fcr \u00d4tsu stand. Klar waren wir also alle f\u00fcr den Tengu, der dann leider gnadenlos gegen Ramen-san verlor. Interessant und verr\u00fcckt war es dennoch. Eine ganze Weile sa\u00dfen wir verdutzten Ausl\u00e4nder dort und beobachteten das Spektakel, das ziemlich einstudiert wirkte. Immerhin konnten wir am Ende noch ein Foto mit allen im Ring machen, uns mit den Veranstaltern unterhalten und ein paar Tricks aus n\u00e4chster N\u00e4he anschauen.<\/p>\n<p style=\"text-align: justify;\">Nach dem Wrestling gingen wir dann weiter in Richtung Park, wo unser urspr\u00fcngliches Ziel lag. Hier machten wir zwischen den Kirschb\u00e4umen erneut Picknick (und eine Uno-Schlacht) und blieben mehrere Stunden, ehe es dunkel wurde und wir uns auf den R\u00fcckweg machten. Auch dieser Ausflug war sehr sch\u00f6n und ich bin froh, so viel von den Kirschbl\u00fcten gesehen zu haben &#8211; auch au\u00dferhalb Kyotos, wobei ich sagen muss, dass es wirklich wundersch\u00f6n ist, wenn die B\u00e4ume links und rechts des Kamo-Flusses bl\u00fchen.<\/p>\n<p style=\"text-align: justify;\">Nach diesem Ausflug hatte ich noch rund eine Woche frei, in der ich mich noch ein wenig mit Freunden traf und dies und das erledigte, ehe die Uni wieder anfing. Mittlerweile ist bereits die dritte Woche fast vorbei und ich habe einen ziemlich coolen Stundenplan, bei dem ich nur dienstags, mittwochs und donnerstags zu Uni muss, yay! Da ich keinen Sprachkurs mehr habe, f\u00e4llt so Einiges weg, daf\u00fcr verlangen mir die anderen Seminare ziemlich viel ab, da ich dieses Semester ausnahmslos japanische Kurse gew\u00e4hlt habe und da nun einmal ein wenig brauche, um die Texte zu lesen. Aber sicherlich ist das auch eine gute \u00dcbung.<\/p>\n<p style=\"text-align: justify;\">N\u00e4chste Woche ist die Golden Week, das hei\u00dft, normalerweise liegen viele Feiertage hintereinander, sodass man eine gute Woche frei hat. Dummerweise ist die goldene Woche dieses Jahr zweigeteilt, da Dienstag und Mittwoch keine Feiertage sind &#8211; aber macht nichts, ich freue mich trotzdem \u00fcber ein bisschen Ferienfeeling!<\/p>\n<div id='gallery-1' class='gallery galleryid-752 gallery-columns-4 gallery-size-thumbnail'><figure class='gallery-item'>\n\t\t\t<div class='gallery-icon landscape'>\n\t\t\t\t<a href='https:\/\/miyakomiyako.de\/index.php\/2018\/04\/25\/kirschblueten-in-yoshino-oder-vom-winter-in-den-fruehling\/cof-107\/'><img loading=\"lazy\" decoding=\"async\" width=\"150\" height=\"85\" src=\"https:\/\/miyakomiyako.de\/wp-content\/uploads\/2018\/04\/IMG_20180326_135706.jpg\" class=\"attachment-thumbnail size-thumbnail\" alt=\"\" aria-describedby=\"gallery-1-917\" sizes=\"auto, 100vw\" \/><\/a>\n\t\t\t<\/div>\n\t\t\t\t<figcaption class='wp-caption-text gallery-caption' id='gallery-1-917'>\n\t\t\t\tSo sch\u00f6ne Bl\u00fcten!\n\t\t\t\t<\/figcaption><\/figure><figure class='gallery-item'>\n\t\t\t<div class='gallery-icon landscape'>\n\t\t\t\t<a href='https:\/\/miyakomiyako.de\/index.php\/2018\/04\/25\/kirschblueten-in-yoshino-oder-vom-winter-in-den-fruehling\/dsc00445\/'><img loading=\"lazy\" decoding=\"async\" width=\"150\" height=\"100\" src=\"https:\/\/miyakomiyako.de\/wp-content\/uploads\/2018\/04\/DSC00445.jpg\" class=\"attachment-thumbnail size-thumbnail\" alt=\"\" aria-describedby=\"gallery-1-900\" sizes=\"auto, 100vw\" \/><\/a>\n\t\t\t<\/div>\n\t\t\t\t<figcaption class='wp-caption-text gallery-caption' id='gallery-1-900'>\n\t\t\t\tManche waren wei\u00df, andere eher rosafarben.\n\t\t\t\t<\/figcaption><\/figure><figure class='gallery-item'>\n\t\t\t<div class='gallery-icon landscape'>\n\t\t\t\t<a href='https:\/\/miyakomiyako.de\/index.php\/2018\/04\/25\/kirschblueten-in-yoshino-oder-vom-winter-in-den-fruehling\/dsc00453\/'><img loading=\"lazy\" decoding=\"async\" width=\"150\" height=\"100\" src=\"https:\/\/miyakomiyako.de\/wp-content\/uploads\/2018\/04\/DSC00453.jpg\" class=\"attachment-thumbnail size-thumbnail\" alt=\"\" aria-describedby=\"gallery-1-901\" sizes=\"auto, 100vw\" \/><\/a>\n\t\t\t<\/div>\n\t\t\t\t<figcaption class='wp-caption-text gallery-caption' id='gallery-1-901'>\n\t\t\t\tEs machte Spa\u00df, zwischen den Bl\u00fcten zu wandern.\n\t\t\t\t<\/figcaption><\/figure><figure class='gallery-item'>\n\t\t\t<div class='gallery-icon landscape'>\n\t\t\t\t<a href='https:\/\/miyakomiyako.de\/index.php\/2018\/04\/25\/kirschblueten-in-yoshino-oder-vom-winter-in-den-fruehling\/dsc00456\/'><img loading=\"lazy\" decoding=\"async\" width=\"150\" height=\"100\" src=\"https:\/\/miyakomiyako.de\/wp-content\/uploads\/2018\/04\/DSC00456.jpg\" class=\"attachment-thumbnail size-thumbnail\" alt=\"\" aria-describedby=\"gallery-1-902\" sizes=\"auto, 100vw\" \/><\/a>\n\t\t\t<\/div>\n\t\t\t\t<figcaption class='wp-caption-text gallery-caption' id='gallery-1-902'>\n\t\t\t\tManche der B\u00e4ume waren noch kahl, da wir etwas zu fr\u00fch waren.\n\t\t\t\t<\/figcaption><\/figure><figure class='gallery-item'>\n\t\t\t<div class='gallery-icon landscape'>\n\t\t\t\t<a href='https:\/\/miyakomiyako.de\/index.php\/2018\/04\/25\/kirschblueten-in-yoshino-oder-vom-winter-in-den-fruehling\/dsc00464\/'><img loading=\"lazy\" decoding=\"async\" width=\"150\" height=\"100\" src=\"https:\/\/miyakomiyako.de\/wp-content\/uploads\/2018\/04\/DSC00464.jpg\" class=\"attachment-thumbnail size-thumbnail\" alt=\"\" aria-describedby=\"gallery-1-903\" sizes=\"auto, 100vw\" \/><\/a>\n\t\t\t<\/div>\n\t\t\t\t<figcaption class='wp-caption-text gallery-caption' id='gallery-1-903'>\n\t\t\t\tUnterwegs kamen wir auch an einem sehr alten Tempel vorbei.\n\t\t\t\t<\/figcaption><\/figure><figure class='gallery-item'>\n\t\t\t<div class='gallery-icon landscape'>\n\t\t\t\t<a href='https:\/\/miyakomiyako.de\/index.php\/2018\/04\/25\/kirschblueten-in-yoshino-oder-vom-winter-in-den-fruehling\/dsc00469\/'><img loading=\"lazy\" decoding=\"async\" width=\"150\" height=\"100\" src=\"https:\/\/miyakomiyako.de\/wp-content\/uploads\/2018\/04\/DSC00469.jpg\" class=\"attachment-thumbnail size-thumbnail\" alt=\"\" aria-describedby=\"gallery-1-904\" sizes=\"auto, 100vw\" \/><\/a>\n\t\t\t<\/div>\n\t\t\t\t<figcaption class='wp-caption-text gallery-caption' id='gallery-1-904'>\n\t\t\t\tToll, diese Pagode in dem Bl\u00fctenmeer!\n\t\t\t\t<\/figcaption><\/figure><figure class='gallery-item'>\n\t\t\t<div class='gallery-icon landscape'>\n\t\t\t\t<a href='https:\/\/miyakomiyako.de\/index.php\/2018\/04\/25\/kirschblueten-in-yoshino-oder-vom-winter-in-den-fruehling\/dsc00473\/'><img loading=\"lazy\" decoding=\"async\" width=\"150\" height=\"100\" src=\"https:\/\/miyakomiyako.de\/wp-content\/uploads\/2018\/04\/DSC00473.jpg\" class=\"attachment-thumbnail size-thumbnail\" alt=\"\" aria-describedby=\"gallery-1-905\" sizes=\"auto, 100vw\" \/><\/a>\n\t\t\t<\/div>\n\t\t\t\t<figcaption class='wp-caption-text gallery-caption' id='gallery-1-905'>\n\t\t\t\tGrinsi!\n\t\t\t\t<\/figcaption><\/figure><figure class='gallery-item'>\n\t\t\t<div class='gallery-icon portrait'>\n\t\t\t\t<a href='https:\/\/miyakomiyako.de\/index.php\/2018\/04\/25\/kirschblueten-in-yoshino-oder-vom-winter-in-den-fruehling\/dsc00476\/'><img loading=\"lazy\" decoding=\"async\" width=\"100\" height=\"150\" src=\"https:\/\/miyakomiyako.de\/wp-content\/uploads\/2018\/04\/DSC00476.jpg\" class=\"attachment-thumbnail size-thumbnail\" alt=\"\" aria-describedby=\"gallery-1-906\" sizes=\"auto, 100vw\" \/><\/a>\n\t\t\t<\/div>\n\t\t\t\t<figcaption class='wp-caption-text gallery-caption' id='gallery-1-906'>\n\t\t\t\tHier noch einmal aus anderer Perspektive.\n\t\t\t\t<\/figcaption><\/figure><figure class='gallery-item'>\n\t\t\t<div class='gallery-icon portrait'>\n\t\t\t\t<a href='https:\/\/miyakomiyako.de\/index.php\/2018\/04\/25\/kirschblueten-in-yoshino-oder-vom-winter-in-den-fruehling\/dsc00478\/'><img loading=\"lazy\" decoding=\"async\" width=\"100\" height=\"150\" src=\"https:\/\/miyakomiyako.de\/wp-content\/uploads\/2018\/04\/DSC00478.jpg\" class=\"attachment-thumbnail size-thumbnail\" alt=\"\" aria-describedby=\"gallery-1-907\" sizes=\"auto, 100vw\" \/><\/a>\n\t\t\t<\/div>\n\t\t\t\t<figcaption class='wp-caption-text gallery-caption' id='gallery-1-907'>\n\t\t\t\tNeben den ganzen Blumen hier ein Foto von einem K\u00e4fer.\n\t\t\t\t<\/figcaption><\/figure><figure class='gallery-item'>\n\t\t\t<div class='gallery-icon landscape'>\n\t\t\t\t<a href='https:\/\/miyakomiyako.de\/index.php\/2018\/04\/25\/kirschblueten-in-yoshino-oder-vom-winter-in-den-fruehling\/dsc00489\/'><img loading=\"lazy\" decoding=\"async\" width=\"150\" height=\"100\" src=\"https:\/\/miyakomiyako.de\/wp-content\/uploads\/2018\/04\/DSC00489.jpg\" class=\"attachment-thumbnail size-thumbnail\" alt=\"\" aria-describedby=\"gallery-1-908\" sizes=\"auto, 100vw\" \/><\/a>\n\t\t\t<\/div>\n\t\t\t\t<figcaption class='wp-caption-text gallery-caption' id='gallery-1-908'>\n\t\t\t\tDas fand ich besonders toll, all die Kirschb\u00e4ume zwischen dem vielen Gr\u00fcn.\n\t\t\t\t<\/figcaption><\/figure><figure class='gallery-item'>\n\t\t\t<div class='gallery-icon portrait'>\n\t\t\t\t<a href='https:\/\/miyakomiyako.de\/index.php\/2018\/04\/25\/kirschblueten-in-yoshino-oder-vom-winter-in-den-fruehling\/dsc00491\/'><img loading=\"lazy\" decoding=\"async\" width=\"100\" height=\"150\" src=\"https:\/\/miyakomiyako.de\/wp-content\/uploads\/2018\/04\/DSC00491.jpg\" class=\"attachment-thumbnail size-thumbnail\" alt=\"\" aria-describedby=\"gallery-1-909\" sizes=\"auto, 100vw\" \/><\/a>\n\t\t\t<\/div>\n\t\t\t\t<figcaption class='wp-caption-text gallery-caption' id='gallery-1-909'>\n\t\t\t\tHier zu leben stelle ich mir angenehm vor.\n\t\t\t\t<\/figcaption><\/figure><figure class='gallery-item'>\n\t\t\t<div class='gallery-icon landscape'>\n\t\t\t\t<a href='https:\/\/miyakomiyako.de\/index.php\/2018\/04\/25\/kirschblueten-in-yoshino-oder-vom-winter-in-den-fruehling\/dsc00505\/'><img loading=\"lazy\" decoding=\"async\" width=\"150\" height=\"100\" src=\"https:\/\/miyakomiyako.de\/wp-content\/uploads\/2018\/04\/DSC00505.jpg\" class=\"attachment-thumbnail size-thumbnail\" alt=\"\" aria-describedby=\"gallery-1-910\" sizes=\"auto, 100vw\" \/><\/a>\n\t\t\t<\/div>\n\t\t\t\t<figcaption class='wp-caption-text gallery-caption' id='gallery-1-910'>\n\t\t\t\tDie Aussicht ist klasse, nicht wahr?\n\t\t\t\t<\/figcaption><\/figure><figure class='gallery-item'>\n\t\t\t<div class='gallery-icon landscape'>\n\t\t\t\t<a href='https:\/\/miyakomiyako.de\/index.php\/2018\/04\/25\/kirschblueten-in-yoshino-oder-vom-winter-in-den-fruehling\/dsc00511\/'><img loading=\"lazy\" decoding=\"async\" width=\"150\" height=\"100\" src=\"https:\/\/miyakomiyako.de\/wp-content\/uploads\/2018\/04\/DSC00511.jpg\" class=\"attachment-thumbnail size-thumbnail\" alt=\"\" aria-describedby=\"gallery-1-911\" sizes=\"auto, 100vw\" \/><\/a>\n\t\t\t<\/div>\n\t\t\t\t<figcaption class='wp-caption-text gallery-caption' id='gallery-1-911'>\n\t\t\t\t(hier Lebensweisheit einf\u00fcgen)\n\t\t\t\t<\/figcaption><\/figure><figure class='gallery-item'>\n\t\t\t<div class='gallery-icon landscape'>\n\t\t\t\t<a href='https:\/\/miyakomiyako.de\/index.php\/2018\/04\/25\/kirschblueten-in-yoshino-oder-vom-winter-in-den-fruehling\/dsc00535\/'><img loading=\"lazy\" decoding=\"async\" width=\"150\" height=\"100\" src=\"https:\/\/miyakomiyako.de\/wp-content\/uploads\/2018\/04\/DSC00535.jpg\" class=\"attachment-thumbnail size-thumbnail\" alt=\"\" aria-describedby=\"gallery-1-912\" sizes=\"auto, 100vw\" \/><\/a>\n\t\t\t<\/div>\n\t\t\t\t<figcaption class='wp-caption-text gallery-caption' id='gallery-1-912'>\n\t\t\t\tTolles Wetter hatten wir auch!\n\t\t\t\t<\/figcaption><\/figure><figure class='gallery-item'>\n\t\t\t<div class='gallery-icon landscape'>\n\t\t\t\t<a href='https:\/\/miyakomiyako.de\/index.php\/2018\/04\/25\/kirschblueten-in-yoshino-oder-vom-winter-in-den-fruehling\/dsc00536\/'><img loading=\"lazy\" decoding=\"async\" width=\"150\" height=\"100\" src=\"https:\/\/miyakomiyako.de\/wp-content\/uploads\/2018\/04\/DSC00536.jpg\" class=\"attachment-thumbnail size-thumbnail\" alt=\"\" aria-describedby=\"gallery-1-913\" sizes=\"auto, 100vw\" \/><\/a>\n\t\t\t<\/div>\n\t\t\t\t<figcaption class='wp-caption-text gallery-caption' id='gallery-1-913'>\n\t\t\t\tSakuraaaaa!\n\t\t\t\t<\/figcaption><\/figure><figure class='gallery-item'>\n\t\t\t<div class='gallery-icon landscape'>\n\t\t\t\t<a href='https:\/\/miyakomiyako.de\/index.php\/2018\/04\/25\/kirschblueten-in-yoshino-oder-vom-winter-in-den-fruehling\/dsc00537\/'><img loading=\"lazy\" decoding=\"async\" width=\"150\" height=\"100\" src=\"https:\/\/miyakomiyako.de\/wp-content\/uploads\/2018\/04\/DSC00537.jpg\" class=\"attachment-thumbnail size-thumbnail\" alt=\"\" aria-describedby=\"gallery-1-914\" sizes=\"auto, 100vw\" \/><\/a>\n\t\t\t<\/div>\n\t\t\t\t<figcaption class='wp-caption-text gallery-caption' id='gallery-1-914'>\n\t\t\t\tAuch in \u00d4tsu hatten wir gutes Wetter.\n\t\t\t\t<\/figcaption><\/figure><figure class='gallery-item'>\n\t\t\t<div class='gallery-icon portrait'>\n\t\t\t\t<a href='https:\/\/miyakomiyako.de\/index.php\/2018\/04\/25\/kirschblueten-in-yoshino-oder-vom-winter-in-den-fruehling\/dsc00539\/'><img loading=\"lazy\" decoding=\"async\" width=\"100\" height=\"150\" src=\"https:\/\/miyakomiyako.de\/wp-content\/uploads\/2018\/04\/DSC00539.jpg\" class=\"attachment-thumbnail size-thumbnail\" alt=\"\" aria-describedby=\"gallery-1-915\" sizes=\"auto, 100vw\" \/><\/a>\n\t\t\t<\/div>\n\t\t\t\t<figcaption class='wp-caption-text gallery-caption' id='gallery-1-915'>\n\t\t\t\tDiese Bl\u00fcten fand ich auch sehr sch\u00f6n.\n\t\t\t\t<\/figcaption><\/figure><figure class='gallery-item'>\n\t\t\t<div class='gallery-icon portrait'>\n\t\t\t\t<a href='https:\/\/miyakomiyako.de\/index.php\/2018\/04\/25\/kirschblueten-in-yoshino-oder-vom-winter-in-den-fruehling\/sdr-64\/'><img loading=\"lazy\" decoding=\"async\" width=\"85\" height=\"150\" src=\"https:\/\/miyakomiyako.de\/wp-content\/uploads\/2018\/04\/IMG_20180401_170948.jpg\" class=\"attachment-thumbnail size-thumbnail\" alt=\"\" aria-describedby=\"gallery-1-922\" sizes=\"auto, 100vw\" \/><\/a>\n\t\t\t<\/div>\n\t\t\t\t<figcaption class='wp-caption-text gallery-caption' id='gallery-1-922'>\n\t\t\t\tEinige pinke B\u00e4ume gab es auch!\n\t\t\t\t<\/figcaption><\/figure><figure class='gallery-item'>\n\t\t\t<div class='gallery-icon portrait'>\n\t\t\t\t<a href='https:\/\/miyakomiyako.de\/index.php\/2018\/04\/25\/kirschblueten-in-yoshino-oder-vom-winter-in-den-fruehling\/dsc00547\/'><img loading=\"lazy\" decoding=\"async\" width=\"100\" height=\"150\" src=\"https:\/\/miyakomiyako.de\/wp-content\/uploads\/2018\/04\/DSC00547.jpg\" class=\"attachment-thumbnail size-thumbnail\" alt=\"\" aria-describedby=\"gallery-1-916\" sizes=\"auto, 100vw\" \/><\/a>\n\t\t\t<\/div>\n\t\t\t\t<figcaption class='wp-caption-text gallery-caption' id='gallery-1-916'>\n\t\t\t\tDie B\u00e4ume am Fluss laden f\u00f6rmlich zu einem Spaziergang ein.\n\t\t\t\t<\/figcaption><\/figure><figure class='gallery-item'>\n\t\t\t<div class='gallery-icon landscape'>\n\t\t\t\t<a href='https:\/\/miyakomiyako.de\/index.php\/2018\/04\/25\/kirschblueten-in-yoshino-oder-vom-winter-in-den-fruehling\/cof-108\/'><img loading=\"lazy\" decoding=\"async\" width=\"150\" height=\"85\" src=\"https:\/\/miyakomiyako.de\/wp-content\/uploads\/2018\/04\/IMG_20180326_174244.jpg\" class=\"attachment-thumbnail size-thumbnail\" alt=\"\" aria-describedby=\"gallery-1-918\" sizes=\"auto, 100vw\" \/><\/a>\n\t\t\t<\/div>\n\t\t\t\t<figcaption class='wp-caption-text gallery-caption' id='gallery-1-918'>\n\t\t\t\tIch wei\u00df selbst nicht, wieso ich so viele Bl\u00fcten fotografiere.\n\t\t\t\t<\/figcaption><\/figure><figure class='gallery-item'>\n\t\t\t<div class='gallery-icon portrait'>\n\t\t\t\t<a href='https:\/\/miyakomiyako.de\/index.php\/2018\/04\/25\/kirschblueten-in-yoshino-oder-vom-winter-in-den-fruehling\/sdr-61\/'><img loading=\"lazy\" decoding=\"async\" width=\"85\" height=\"150\" src=\"https:\/\/miyakomiyako.de\/wp-content\/uploads\/2018\/04\/IMG_20180401_132703.jpg\" class=\"attachment-thumbnail size-thumbnail\" alt=\"\" aria-describedby=\"gallery-1-919\" sizes=\"auto, 100vw\" \/><\/a>\n\t\t\t<\/div>\n\t\t\t\t<figcaption class='wp-caption-text gallery-caption' id='gallery-1-919'>\n\t\t\t\tH\u00fcbsch, nicht wahr?\n\t\t\t\t<\/figcaption><\/figure><figure class='gallery-item'>\n\t\t\t<div class='gallery-icon landscape'>\n\t\t\t\t<a href='https:\/\/miyakomiyako.de\/index.php\/2018\/04\/25\/kirschblueten-in-yoshino-oder-vom-winter-in-den-fruehling\/sdr-63\/'><img loading=\"lazy\" decoding=\"async\" width=\"150\" height=\"85\" src=\"https:\/\/miyakomiyako.de\/wp-content\/uploads\/2018\/04\/IMG_20180401_133634.jpg\" class=\"attachment-thumbnail size-thumbnail\" alt=\"\" aria-describedby=\"gallery-1-921\" sizes=\"auto, 100vw\" \/><\/a>\n\t\t\t<\/div>\n\t\t\t\t<figcaption class='wp-caption-text gallery-caption' id='gallery-1-921'>\n\t\t\t\tDa macht das Spazieren gleich doppelt Spa\u00df.\n\t\t\t\t<\/figcaption><\/figure>\n\t\t<\/div>\n\n","protected":false},"excerpt":{"rendered":"<p>Kurz nach meiner R\u00fcckkehr, am 31. M\u00e4rz, beschlossen einige Freunde aus Obaku und ich, uns die Kirschbl\u00fcten anzuschauen. Irgendwie war w\u00e4hrend meines Urlaubs pl\u00f6tzlich Fr\u00fchling geworden &#8211; vielleicht kam es mir aber auch nur so vor, weil ich gerade aus Sapporo kam. Wir wollten nach Yoshino im S\u00fcden der Nachbarpr\u00e4fektur Nara fahren, da dieser Ort &hellip; <\/p>\n<p class=\"link-more\"><a href=\"https:\/\/miyakomiyako.de\/index.php\/2018\/04\/25\/kirschblueten-in-yoshino-oder-vom-winter-in-den-fruehling\/\" class=\"more-link\"><span class=\"screen-reader-text\">\u201eKirschbl\u00fcten in Yoshino &#8211; oder: Vom Winter in den Fr\u00fchling\u201c <\/span>weiterlesen<\/a><\/p>\n","protected":false},"author":2,"featured_media":0,"comment_status":"open","ping_status":"open","sticky":false,"template":"","format":"standard","meta":{"footnotes":""},"categories":[1,6],"tags":[],"class_list":["post-752","post","type-post","status-publish","format-standard","hentry","category-allgemein","category-sightseeing"],"_links":{"self":[{"href":"https:\/\/miyakomiyako.de\/index.php\/wp-json\/wp\/v2\/posts\/752","targetHints":{"allow":["GET"]}}],"collection":[{"href":"https:\/\/miyakomiyako.de\/index.php\/wp-json\/wp\/v2\/posts"}],"about":[{"href":"https:\/\/miyakomiyako.de\/index.php\/wp-json\/wp\/v2\/types\/post"}],"author":[{"embeddable":true,"href":"https:\/\/miyakomiyako.de\/index.php\/wp-json\/wp\/v2\/users\/2"}],"replies":[{"embeddable":true,"href":"https:\/\/miyakomiyako.de\/index.php\/wp-json\/wp\/v2\/comments?post=752"}],"version-history":[{"count":7,"href":"https:\/\/miyakomiyako.de\/index.php\/wp-json\/wp\/v2\/posts\/752\/revisions"}],"predecessor-version":[{"id":927,"href":"https:\/\/miyakomiyako.de\/index.php\/wp-json\/wp\/v2\/posts\/752\/revisions\/927"}],"wp:attachment":[{"href":"https:\/\/miyakomiyako.de\/index.php\/wp-json\/wp\/v2\/media?parent=752"}],"wp:term":[{"taxonomy":"category","embeddable":true,"href":"https:\/\/miyakomiyako.de\/index.php\/wp-json\/wp\/v2\/categories?post=752"},{"taxonomy":"post_tag","embeddable":true,"href":"https:\/\/miyakomiyako.de\/index.php\/wp-json\/wp\/v2\/tags?post=752"}],"curies":[{"name":"wp","href":"https:\/\/api.w.org\/{rel}","templated":true}]}}